{"id":823,"date":"2022-03-23T21:22:10","date_gmt":"2022-03-23T20:22:10","guid":{"rendered":"https:\/\/z-m.pl\/pl\/?p=823"},"modified":"2023-10-19T14:32:57","modified_gmt":"2023-10-19T12:32:57","slug":"od-sierpnia-2017-zaklad-metalowy-adam-krepa-z-certyfikatem-cert","status":"publish","type":"post","link":"https:\/\/www.z-m.pl\/pl\/aktualnosci\/od-sierpnia-2017-zaklad-metalowy-adam-krepa-z-certyfikatem-cert\/","title":{"rendered":"Od sierpnia 2017 Zak\u0142ad Metalowy Adam Kr\u0119pa z certyfikatem CERT"},"content":{"rendered":"\n<p>Z przyjemno\u015bci\u0105 informujemy, \u017ce nasza firma&nbsp;<strong>wdro\u017cy\u0142a i stosuje system zarz\u0105dzania jako\u015bci\u0105<\/strong>&nbsp;zgodny z wymogami&nbsp;<strong>PN-EN ISO 9001-2015<\/strong>&nbsp;, w zakresie&nbsp;<strong>obr\u00f3bki mechanicznej metali<\/strong>.<\/p>\n\n\n\n<p>Wdro\u017cenie nast\u0105pi\u0142o&nbsp;<strong>w sierpniu 2017 roku<\/strong>. Posiadamy certyfikat o numerze&nbsp;<strong>2268\/08\/2023\/J\/R<\/strong>.<\/p>\n","protected":false},"excerpt":{"rendered":"<p>Z przyjemno\u015bci\u0105 informujemy, \u017ce nasza firma&nbsp;wdro\u017cy\u0142a i stosuje system zarz\u0105dzania jako\u015bci\u0105&nbsp;zgodny z wymogami&nbsp;PN-EN ISO 9001-2015&nbsp;, w zakresie&nbsp;obr\u00f3bki mechanicznej metali. Wdro\u017cenie nast\u0105pi\u0142o&nbsp;w sierpniu 2017 roku. Posiadamy certyfikat o numerze&nbsp;2268\/08\/2023\/J\/R.<\/p>\n","protected":false},"author":1,"featured_media":1912,"comment_status":"closed","ping_status":"closed","sticky":false,"template":"","format":"standard","meta":{"footnotes":""},"categories":[10],"tags":[],"class_list":["post-823","post","type-post","status-publish","format-standard","has-post-thumbnail","hentry","category-aktualnosci"],"yoast_head":"<!-- This site is optimized with the Yoast SEO plugin v27.4 - https:\/\/yoast.com\/product\/yoast-seo-wordpress\/ -->\n<title>Od sierpnia 2017 Zak\u0142ad Metalowy Adam Kr\u0119pa z certyfikatem CERT - Zak\u0142ad Metalowy Kr\u0119pa<\/title>\n<meta name=\"description\" content=\"Z przyjemno\u015bci\u0105 informujemy, \u017ce nasza firma&nbsp;wdro\u017cy\u0142a i stosuje system zarz\u0105dzania jako\u015bci\u0105&nbsp;zgodny z wymogami&nbsp;PN-EN ISO 9001-2015&nbsp;, w\" \/>\n<meta name=\"robots\" content=\"index, follow, max-snippet:-1, max-image-preview:large, max-video-preview:-1\" \/>\n<link rel=\"canonical\" href=\"https:\/\/www.z-m.pl\/pl\/aktualnosci\/od-sierpnia-2017-zaklad-metalowy-adam-krepa-z-certyfikatem-cert\/\" \/>\n<meta property=\"og:locale\" content=\"pl_PL\" \/>\n<meta property=\"og:type\" content=\"article\" \/>\n<meta property=\"og:title\" content=\"Od sierpnia 2017 Zak\u0142ad Metalowy Adam Kr\u0119pa z certyfikatem CERT - Zak\u0142ad Metalowy Kr\u0119pa\" \/>\n<meta property=\"og:description\" content=\"Z przyjemno\u015bci\u0105 informujemy, \u017ce nasza firma&nbsp;wdro\u017cy\u0142a i stosuje system zarz\u0105dzania jako\u015bci\u0105&nbsp;zgodny z wymogami&nbsp;PN-EN ISO 9001-2015&nbsp;, w\" \/>\n<meta property=\"og:url\" content=\"https:\/\/www.z-m.pl\/pl\/aktualnosci\/od-sierpnia-2017-zaklad-metalowy-adam-krepa-z-certyfikatem-cert\/\" \/>\n<meta property=\"og:site_name\" content=\"Zak\u0142ad Metalowy Kr\u0119pa\" \/>\n<meta property=\"article:published_time\" content=\"2022-03-23T20:22:10+00:00\" \/>\n<meta property=\"article:modified_time\" content=\"2023-10-19T12:32:57+00:00\" \/>\n<meta property=\"og:image\" content=\"https:\/\/www.z-m.pl\/pl\/wp-content\/uploads\/sites\/2\/2022\/03\/cert_2023.jpg\" \/>\n\t<meta property=\"og:image:width\" content=\"1200\" \/>\n\t<meta property=\"og:image:height\" content=\"565\" \/>\n\t<meta property=\"og:image:type\" content=\"image\/jpeg\" \/>\n<meta name=\"author\" content=\"admin\" \/>\n<meta name=\"twitter:card\" content=\"summary_large_image\" \/>\n<meta name=\"twitter:label1\" content=\"Napisane przez\" \/>\n\t<meta name=\"twitter:data1\" content=\"admin\" \/>\n<script type=\"application\/ld+json\" class=\"yoast-schema-graph\">{\"@context\":\"https:\\\/\\\/schema.org\",\"@graph\":[{\"@type\":\"Article\",\"@id\":\"https:\\\/\\\/www.z-m.pl\\\/pl\\\/aktualnosci\\\/od-sierpnia-2017-zaklad-metalowy-adam-krepa-z-certyfikatem-cert\\\/#article\",\"isPartOf\":{\"@id\":\"https:\\\/\\\/www.z-m.pl\\\/pl\\\/aktualnosci\\\/od-sierpnia-2017-zaklad-metalowy-adam-krepa-z-certyfikatem-cert\\\/\"},\"author\":{\"name\":\"admin\",\"@id\":\"https:\\\/\\\/www.z-m.pl\\\/pl\\\/#\\\/schema\\\/person\\\/6849bd64a1e50cd0a68d112021ac2419\"},\"headline\":\"Od sierpnia 2017 Zak\u0142ad Metalowy Adam Kr\u0119pa z certyfikatem CERT\",\"datePublished\":\"2022-03-23T20:22:10+00:00\",\"dateModified\":\"2023-10-19T12:32:57+00:00\",\"mainEntityOfPage\":{\"@id\":\"https:\\\/\\\/www.z-m.pl\\\/pl\\\/aktualnosci\\\/od-sierpnia-2017-zaklad-metalowy-adam-krepa-z-certyfikatem-cert\\\/\"},\"wordCount\":61,\"publisher\":{\"@id\":\"https:\\\/\\\/www.z-m.pl\\\/pl\\\/#organization\"},\"image\":{\"@id\":\"https:\\\/\\\/www.z-m.pl\\\/pl\\\/aktualnosci\\\/od-sierpnia-2017-zaklad-metalowy-adam-krepa-z-certyfikatem-cert\\\/#primaryimage\"},\"thumbnailUrl\":\"https:\\\/\\\/www.z-m.pl\\\/pl\\\/wp-content\\\/uploads\\\/sites\\\/2\\\/2022\\\/03\\\/cert_2023.jpg\",\"articleSection\":[\"Aktualno\u015bci\"],\"inLanguage\":\"pl-PL\"},{\"@type\":\"WebPage\",\"@id\":\"https:\\\/\\\/www.z-m.pl\\\/pl\\\/aktualnosci\\\/od-sierpnia-2017-zaklad-metalowy-adam-krepa-z-certyfikatem-cert\\\/\",\"url\":\"https:\\\/\\\/www.z-m.pl\\\/pl\\\/aktualnosci\\\/od-sierpnia-2017-zaklad-metalowy-adam-krepa-z-certyfikatem-cert\\\/\",\"name\":\"Od sierpnia 2017 Zak\u0142ad Metalowy Adam Kr\u0119pa z certyfikatem CERT - Zak\u0142ad Metalowy Kr\u0119pa\",\"isPartOf\":{\"@id\":\"https:\\\/\\\/www.z-m.pl\\\/pl\\\/#website\"},\"primaryImageOfPage\":{\"@id\":\"https:\\\/\\\/www.z-m.pl\\\/pl\\\/aktualnosci\\\/od-sierpnia-2017-zaklad-metalowy-adam-krepa-z-certyfikatem-cert\\\/#primaryimage\"},\"image\":{\"@id\":\"https:\\\/\\\/www.z-m.pl\\\/pl\\\/aktualnosci\\\/od-sierpnia-2017-zaklad-metalowy-adam-krepa-z-certyfikatem-cert\\\/#primaryimage\"},\"thumbnailUrl\":\"https:\\\/\\\/www.z-m.pl\\\/pl\\\/wp-content\\\/uploads\\\/sites\\\/2\\\/2022\\\/03\\\/cert_2023.jpg\",\"datePublished\":\"2022-03-23T20:22:10+00:00\",\"dateModified\":\"2023-10-19T12:32:57+00:00\",\"description\":\"Z przyjemno\u015bci\u0105 informujemy, \u017ce nasza firma&nbsp;wdro\u017cy\u0142a i stosuje system zarz\u0105dzania jako\u015bci\u0105&nbsp;zgodny z wymogami&nbsp;PN-EN ISO 9001-2015&nbsp;, w\",\"breadcrumb\":{\"@id\":\"https:\\\/\\\/www.z-m.pl\\\/pl\\\/aktualnosci\\\/od-sierpnia-2017-zaklad-metalowy-adam-krepa-z-certyfikatem-cert\\\/#breadcrumb\"},\"inLanguage\":\"pl-PL\",\"potentialAction\":[{\"@type\":\"ReadAction\",\"target\":[\"https:\\\/\\\/www.z-m.pl\\\/pl\\\/aktualnosci\\\/od-sierpnia-2017-zaklad-metalowy-adam-krepa-z-certyfikatem-cert\\\/\"]}]},{\"@type\":\"ImageObject\",\"inLanguage\":\"pl-PL\",\"@id\":\"https:\\\/\\\/www.z-m.pl\\\/pl\\\/aktualnosci\\\/od-sierpnia-2017-zaklad-metalowy-adam-krepa-z-certyfikatem-cert\\\/#primaryimage\",\"url\":\"https:\\\/\\\/www.z-m.pl\\\/pl\\\/wp-content\\\/uploads\\\/sites\\\/2\\\/2022\\\/03\\\/cert_2023.jpg\",\"contentUrl\":\"https:\\\/\\\/www.z-m.pl\\\/pl\\\/wp-content\\\/uploads\\\/sites\\\/2\\\/2022\\\/03\\\/cert_2023.jpg\",\"width\":1200,\"height\":565,\"caption\":\"CERT 2023\"},{\"@type\":\"BreadcrumbList\",\"@id\":\"https:\\\/\\\/www.z-m.pl\\\/pl\\\/aktualnosci\\\/od-sierpnia-2017-zaklad-metalowy-adam-krepa-z-certyfikatem-cert\\\/#breadcrumb\",\"itemListElement\":[{\"@type\":\"ListItem\",\"position\":1,\"name\":\"Strona g\u0142\u00f3wna\",\"item\":\"https:\\\/\\\/www.z-m.pl\\\/pl\\\/\"},{\"@type\":\"ListItem\",\"position\":2,\"name\":\"Od sierpnia 2017 Zak\u0142ad Metalowy Adam Kr\u0119pa z certyfikatem CERT\"}]},{\"@type\":\"WebSite\",\"@id\":\"https:\\\/\\\/www.z-m.pl\\\/pl\\\/#website\",\"url\":\"https:\\\/\\\/www.z-m.pl\\\/pl\\\/\",\"name\":\"Zak\u0142ad Metalowy Kr\u0119pa\",\"description\":\"Obr\u00f3bka CNC | Produkcja narz\u0119dzi\",\"publisher\":{\"@id\":\"https:\\\/\\\/www.z-m.pl\\\/pl\\\/#organization\"},\"potentialAction\":[{\"@type\":\"SearchAction\",\"target\":{\"@type\":\"EntryPoint\",\"urlTemplate\":\"https:\\\/\\\/www.z-m.pl\\\/pl\\\/?s={search_term_string}\"},\"query-input\":{\"@type\":\"PropertyValueSpecification\",\"valueRequired\":true,\"valueName\":\"search_term_string\"}}],\"inLanguage\":\"pl-PL\"},{\"@type\":\"Organization\",\"@id\":\"https:\\\/\\\/www.z-m.pl\\\/pl\\\/#organization\",\"name\":\"Z-M Zak\u0142ad Metalowy Kr\u0119pa\",\"url\":\"https:\\\/\\\/www.z-m.pl\\\/pl\\\/\",\"logo\":{\"@type\":\"ImageObject\",\"inLanguage\":\"pl-PL\",\"@id\":\"https:\\\/\\\/www.z-m.pl\\\/pl\\\/#\\\/schema\\\/logo\\\/image\\\/\",\"url\":\"https:\\\/\\\/z-m.pl\\\/pl\\\/wp-content\\\/uploads\\\/sites\\\/2\\\/2022\\\/03\\\/zaklad-metalowy-krepa-logo.png\",\"contentUrl\":\"https:\\\/\\\/z-m.pl\\\/pl\\\/wp-content\\\/uploads\\\/sites\\\/2\\\/2022\\\/03\\\/zaklad-metalowy-krepa-logo.png\",\"width\":278,\"height\":280,\"caption\":\"Z-M Zak\u0142ad Metalowy Kr\u0119pa\"},\"image\":{\"@id\":\"https:\\\/\\\/www.z-m.pl\\\/pl\\\/#\\\/schema\\\/logo\\\/image\\\/\"}},{\"@type\":\"Person\",\"@id\":\"https:\\\/\\\/www.z-m.pl\\\/pl\\\/#\\\/schema\\\/person\\\/6849bd64a1e50cd0a68d112021ac2419\",\"name\":\"admin\",\"sameAs\":[\"https:\\\/\\\/z-m.pl\"]}]}<\/script>\n<!-- \/ Yoast SEO plugin. -->","yoast_head_json":{"title":"Od sierpnia 2017 Zak\u0142ad Metalowy Adam Kr\u0119pa z certyfikatem CERT - Zak\u0142ad Metalowy Kr\u0119pa","description":"Z przyjemno\u015bci\u0105 informujemy, \u017ce nasza firma&nbsp;wdro\u017cy\u0142a i stosuje system zarz\u0105dzania jako\u015bci\u0105&nbsp;zgodny z wymogami&nbsp;PN-EN ISO 9001-2015&nbsp;, w","robots":{"index":"index","follow":"follow","max-snippet":"max-snippet:-1","max-image-preview":"max-image-preview:large","max-video-preview":"max-video-preview:-1"},"canonical":"https:\/\/www.z-m.pl\/pl\/aktualnosci\/od-sierpnia-2017-zaklad-metalowy-adam-krepa-z-certyfikatem-cert\/","og_locale":"pl_PL","og_type":"article","og_title":"Od sierpnia 2017 Zak\u0142ad Metalowy Adam Kr\u0119pa z certyfikatem CERT - Zak\u0142ad Metalowy Kr\u0119pa","og_description":"Z przyjemno\u015bci\u0105 informujemy, \u017ce nasza firma&nbsp;wdro\u017cy\u0142a i stosuje system zarz\u0105dzania jako\u015bci\u0105&nbsp;zgodny z wymogami&nbsp;PN-EN ISO 9001-2015&nbsp;, w","og_url":"https:\/\/www.z-m.pl\/pl\/aktualnosci\/od-sierpnia-2017-zaklad-metalowy-adam-krepa-z-certyfikatem-cert\/","og_site_name":"Zak\u0142ad Metalowy Kr\u0119pa","article_published_time":"2022-03-23T20:22:10+00:00","article_modified_time":"2023-10-19T12:32:57+00:00","og_image":[{"width":1200,"height":565,"url":"https:\/\/www.z-m.pl\/pl\/wp-content\/uploads\/sites\/2\/2022\/03\/cert_2023.jpg","type":"image\/jpeg"}],"author":"admin","twitter_card":"summary_large_image","twitter_misc":{"Napisane przez":"admin"},"schema":{"@context":"https:\/\/schema.org","@graph":[{"@type":"Article","@id":"https:\/\/www.z-m.pl\/pl\/aktualnosci\/od-sierpnia-2017-zaklad-metalowy-adam-krepa-z-certyfikatem-cert\/#article","isPartOf":{"@id":"https:\/\/www.z-m.pl\/pl\/aktualnosci\/od-sierpnia-2017-zaklad-metalowy-adam-krepa-z-certyfikatem-cert\/"},"author":{"name":"admin","@id":"https:\/\/www.z-m.pl\/pl\/#\/schema\/person\/6849bd64a1e50cd0a68d112021ac2419"},"headline":"Od sierpnia 2017 Zak\u0142ad Metalowy Adam Kr\u0119pa z certyfikatem CERT","datePublished":"2022-03-23T20:22:10+00:00","dateModified":"2023-10-19T12:32:57+00:00","mainEntityOfPage":{"@id":"https:\/\/www.z-m.pl\/pl\/aktualnosci\/od-sierpnia-2017-zaklad-metalowy-adam-krepa-z-certyfikatem-cert\/"},"wordCount":61,"publisher":{"@id":"https:\/\/www.z-m.pl\/pl\/#organization"},"image":{"@id":"https:\/\/www.z-m.pl\/pl\/aktualnosci\/od-sierpnia-2017-zaklad-metalowy-adam-krepa-z-certyfikatem-cert\/#primaryimage"},"thumbnailUrl":"https:\/\/www.z-m.pl\/pl\/wp-content\/uploads\/sites\/2\/2022\/03\/cert_2023.jpg","articleSection":["Aktualno\u015bci"],"inLanguage":"pl-PL"},{"@type":"WebPage","@id":"https:\/\/www.z-m.pl\/pl\/aktualnosci\/od-sierpnia-2017-zaklad-metalowy-adam-krepa-z-certyfikatem-cert\/","url":"https:\/\/www.z-m.pl\/pl\/aktualnosci\/od-sierpnia-2017-zaklad-metalowy-adam-krepa-z-certyfikatem-cert\/","name":"Od sierpnia 2017 Zak\u0142ad Metalowy Adam Kr\u0119pa z certyfikatem CERT - Zak\u0142ad Metalowy Kr\u0119pa","isPartOf":{"@id":"https:\/\/www.z-m.pl\/pl\/#website"},"primaryImageOfPage":{"@id":"https:\/\/www.z-m.pl\/pl\/aktualnosci\/od-sierpnia-2017-zaklad-metalowy-adam-krepa-z-certyfikatem-cert\/#primaryimage"},"image":{"@id":"https:\/\/www.z-m.pl\/pl\/aktualnosci\/od-sierpnia-2017-zaklad-metalowy-adam-krepa-z-certyfikatem-cert\/#primaryimage"},"thumbnailUrl":"https:\/\/www.z-m.pl\/pl\/wp-content\/uploads\/sites\/2\/2022\/03\/cert_2023.jpg","datePublished":"2022-03-23T20:22:10+00:00","dateModified":"2023-10-19T12:32:57+00:00","description":"Z przyjemno\u015bci\u0105 informujemy, \u017ce nasza firma&nbsp;wdro\u017cy\u0142a i stosuje system zarz\u0105dzania jako\u015bci\u0105&nbsp;zgodny z wymogami&nbsp;PN-EN ISO 9001-2015&nbsp;, w","breadcrumb":{"@id":"https:\/\/www.z-m.pl\/pl\/aktualnosci\/od-sierpnia-2017-zaklad-metalowy-adam-krepa-z-certyfikatem-cert\/#breadcrumb"},"inLanguage":"pl-PL","potentialAction":[{"@type":"ReadAction","target":["https:\/\/www.z-m.pl\/pl\/aktualnosci\/od-sierpnia-2017-zaklad-metalowy-adam-krepa-z-certyfikatem-cert\/"]}]},{"@type":"ImageObject","inLanguage":"pl-PL","@id":"https:\/\/www.z-m.pl\/pl\/aktualnosci\/od-sierpnia-2017-zaklad-metalowy-adam-krepa-z-certyfikatem-cert\/#primaryimage","url":"https:\/\/www.z-m.pl\/pl\/wp-content\/uploads\/sites\/2\/2022\/03\/cert_2023.jpg","contentUrl":"https:\/\/www.z-m.pl\/pl\/wp-content\/uploads\/sites\/2\/2022\/03\/cert_2023.jpg","width":1200,"height":565,"caption":"CERT 2023"},{"@type":"BreadcrumbList","@id":"https:\/\/www.z-m.pl\/pl\/aktualnosci\/od-sierpnia-2017-zaklad-metalowy-adam-krepa-z-certyfikatem-cert\/#breadcrumb","itemListElement":[{"@type":"ListItem","position":1,"name":"Strona g\u0142\u00f3wna","item":"https:\/\/www.z-m.pl\/pl\/"},{"@type":"ListItem","position":2,"name":"Od sierpnia 2017 Zak\u0142ad Metalowy Adam Kr\u0119pa z certyfikatem CERT"}]},{"@type":"WebSite","@id":"https:\/\/www.z-m.pl\/pl\/#website","url":"https:\/\/www.z-m.pl\/pl\/","name":"Zak\u0142ad Metalowy Kr\u0119pa","description":"Obr\u00f3bka CNC | Produkcja narz\u0119dzi","publisher":{"@id":"https:\/\/www.z-m.pl\/pl\/#organization"},"potentialAction":[{"@type":"SearchAction","target":{"@type":"EntryPoint","urlTemplate":"https:\/\/www.z-m.pl\/pl\/?s={search_term_string}"},"query-input":{"@type":"PropertyValueSpecification","valueRequired":true,"valueName":"search_term_string"}}],"inLanguage":"pl-PL"},{"@type":"Organization","@id":"https:\/\/www.z-m.pl\/pl\/#organization","name":"Z-M Zak\u0142ad Metalowy Kr\u0119pa","url":"https:\/\/www.z-m.pl\/pl\/","logo":{"@type":"ImageObject","inLanguage":"pl-PL","@id":"https:\/\/www.z-m.pl\/pl\/#\/schema\/logo\/image\/","url":"https:\/\/z-m.pl\/pl\/wp-content\/uploads\/sites\/2\/2022\/03\/zaklad-metalowy-krepa-logo.png","contentUrl":"https:\/\/z-m.pl\/pl\/wp-content\/uploads\/sites\/2\/2022\/03\/zaklad-metalowy-krepa-logo.png","width":278,"height":280,"caption":"Z-M Zak\u0142ad Metalowy Kr\u0119pa"},"image":{"@id":"https:\/\/www.z-m.pl\/pl\/#\/schema\/logo\/image\/"}},{"@type":"Person","@id":"https:\/\/www.z-m.pl\/pl\/#\/schema\/person\/6849bd64a1e50cd0a68d112021ac2419","name":"admin","sameAs":["https:\/\/z-m.pl"]}]}},"_links":{"self":[{"href":"https:\/\/www.z-m.pl\/pl\/wp-json\/wp\/v2\/posts\/823","targetHints":{"allow":["GET"]}}],"collection":[{"href":"https:\/\/www.z-m.pl\/pl\/wp-json\/wp\/v2\/posts"}],"about":[{"href":"https:\/\/www.z-m.pl\/pl\/wp-json\/wp\/v2\/types\/post"}],"author":[{"embeddable":true,"href":"https:\/\/www.z-m.pl\/pl\/wp-json\/wp\/v2\/users\/1"}],"replies":[{"embeddable":true,"href":"https:\/\/www.z-m.pl\/pl\/wp-json\/wp\/v2\/comments?post=823"}],"version-history":[{"count":7,"href":"https:\/\/www.z-m.pl\/pl\/wp-json\/wp\/v2\/posts\/823\/revisions"}],"predecessor-version":[{"id":1922,"href":"https:\/\/www.z-m.pl\/pl\/wp-json\/wp\/v2\/posts\/823\/revisions\/1922"}],"wp:featuredmedia":[{"embeddable":true,"href":"https:\/\/www.z-m.pl\/pl\/wp-json\/wp\/v2\/media\/1912"}],"wp:attachment":[{"href":"https:\/\/www.z-m.pl\/pl\/wp-json\/wp\/v2\/media?parent=823"}],"wp:term":[{"taxonomy":"category","embeddable":true,"href":"https:\/\/www.z-m.pl\/pl\/wp-json\/wp\/v2\/categories?post=823"},{"taxonomy":"post_tag","embeddable":true,"href":"https:\/\/www.z-m.pl\/pl\/wp-json\/wp\/v2\/tags?post=823"}],"curies":[{"name":"wp","href":"https:\/\/api.w.org\/{rel}","templated":true}]}}