{"id":1698,"date":"2023-03-09T16:01:04","date_gmt":"2023-03-09T15:01:04","guid":{"rendered":"https:\/\/www.z-m.pl\/pl\/?p=1698"},"modified":"2023-03-09T16:01:46","modified_gmt":"2023-03-09T15:01:46","slug":"zaklad-metalowy-laureatem-podkarpackiej-nagrody-gospodarczej-2022","status":"publish","type":"post","link":"https:\/\/www.z-m.pl\/pl\/aktualnosci\/zaklad-metalowy-laureatem-podkarpackiej-nagrody-gospodarczej-2022\/","title":{"rendered":"Zak\u0142ad Metalowy laureatem Podkarpackiej Nagrody Gospodarczej 2022"},"content":{"rendered":"\n<p>Z ogromn\u0105 rado\u015bci\u0105 informujemy, i\u017c Zak\u0142ad Metalowy Adam Kr\u0119pa znalaz\u0142 si\u0119 w gronie Laureat\u00f3w Podkarpackiej Nagrody Gospodarczej 2022 w kategorii Firma mikro.<\/p>\n\n\n\n<p>Jest to dla nas ogromne wyr\u00f3\u017cnienie. Czujemy si\u0119 niezwykle dumni, \u017ce po raz kolejny, nasza praca i zaanga\u017cowanie zosta\u0142y docenione i przyczyniaj\u0105 si\u0119 do rozwoju naszego regionu.<\/p>\n\n\n\n<figure class=\"wp-block-gallery has-nested-images columns-default is-cropped wp-block-gallery-1 is-layout-flex wp-block-gallery-is-layout-flex\">\n<figure class=\"wp-block-image size-large\"><img fetchpriority=\"high\" decoding=\"async\" width=\"1024\" height=\"768\" data-id=\"1699\" src=\"https:\/\/www.z-m.pl\/pl\/wp-content\/uploads\/sites\/2\/2023\/03\/IMG_2897-1024x768.jpg\" alt=\"ZM Kr\u0119pa lauretem PNG 2022 \" class=\"wp-image-1699\" srcset=\"https:\/\/www.z-m.pl\/pl\/wp-content\/uploads\/sites\/2\/2023\/03\/IMG_2897-1024x768.jpg 1024w, https:\/\/www.z-m.pl\/pl\/wp-content\/uploads\/sites\/2\/2023\/03\/IMG_2897-300x225.jpg 300w\" sizes=\"(max-width: 1024px) 100vw, 1024px\" \/><\/figure>\n\n\n\n<figure class=\"wp-block-image size-large\"><img decoding=\"async\" width=\"1024\" height=\"683\" data-id=\"1700\" src=\"https:\/\/www.z-m.pl\/pl\/wp-content\/uploads\/sites\/2\/2023\/03\/5K4A2847-1024x683.jpg\" alt=\"ZM Kr\u0119pa lauretem PNG 2022 \" class=\"wp-image-1700\" srcset=\"https:\/\/www.z-m.pl\/pl\/wp-content\/uploads\/sites\/2\/2023\/03\/5K4A2847-1024x683.jpg 1024w, https:\/\/www.z-m.pl\/pl\/wp-content\/uploads\/sites\/2\/2023\/03\/5K4A2847-300x200.jpg 300w, https:\/\/www.z-m.pl\/pl\/wp-content\/uploads\/sites\/2\/2023\/03\/5K4A2847.jpg 1500w\" sizes=\"(max-width: 1024px) 100vw, 1024px\" \/><\/figure>\n\n\n\n<figure class=\"wp-block-image size-large\"><img decoding=\"async\" width=\"1024\" height=\"683\" data-id=\"1702\" src=\"https:\/\/www.z-m.pl\/pl\/wp-content\/uploads\/sites\/2\/2023\/03\/5K4A2894-1024x683.jpg\" alt=\"ZM Kr\u0119pa lauretem PNG 2022 \" class=\"wp-image-1702\" srcset=\"https:\/\/www.z-m.pl\/pl\/wp-content\/uploads\/sites\/2\/2023\/03\/5K4A2894-1024x683.jpg 1024w, https:\/\/www.z-m.pl\/pl\/wp-content\/uploads\/sites\/2\/2023\/03\/5K4A2894-300x200.jpg 300w, https:\/\/www.z-m.pl\/pl\/wp-content\/uploads\/sites\/2\/2023\/03\/5K4A2894.jpg 1500w\" sizes=\"(max-width: 1024px) 100vw, 1024px\" \/><\/figure>\n<\/figure>\n","protected":false},"excerpt":{"rendered":"<p><img decoding=\"async\" src=\"png-01\" alt=\"\" \/>&nbsp;<img loading=\"lazy\" decoding=\"async\" class=\" size-full wp-image-1055\" src=\"https:\/\/z-m.pl\/pl\/wp-content\/uploads\/sites\/2\/2021\/11\/A.jpg\" alt=\"\" width=\"369\" height=\"247\" \/>&nbsp;<img loading=\"lazy\" decoding=\"async\" class=\" size-full wp-image-1056\" src=\"https:\/\/z-m.pl\/pl\/wp-content\/uploads\/sites\/2\/2021\/11\/Beztytuu.png\" alt=\"Beztytuu\" width=\"369\" height=\"247\" \/><\/p>\n<p>Mi\u0142o nam poinformowa\u0107, \u017ce Zak\u0142ad Metalowy Adam Kr\u0119pa zosta\u0142 laureatem Podkarpackiej Nagrody Gospodarczej w kategorii Firma mikro.<\/p>\n","protected":false},"author":1,"featured_media":1701,"comment_status":"closed","ping_status":"closed","sticky":false,"template":"","format":"standard","meta":{"footnotes":""},"categories":[10],"tags":[],"class_list":["post-1698","post","type-post","status-publish","format-standard","has-post-thumbnail","hentry","category-aktualnosci"],"yoast_head":"<!-- This site is optimized with the Yoast SEO plugin v27.4 - https:\/\/yoast.com\/product\/yoast-seo-wordpress\/ -->\n<title>Zak\u0142ad Metalowy laureatem Podkarpackiej Nagrody Gospodarczej 2022 - Zak\u0142ad Metalowy Kr\u0119pa<\/title>\n<meta name=\"description\" content=\"&nbsp;&nbsp; Mi\u0142o nam poinformowa\u0107, \u017ce Zak\u0142ad Metalowy Adam Kr\u0119pa zosta\u0142 laureatem Podkarpackiej Nagrody Gospodarczej w kategorii Firma mikro.\" \/>\n<meta name=\"robots\" content=\"index, follow, max-snippet:-1, max-image-preview:large, max-video-preview:-1\" \/>\n<link rel=\"canonical\" href=\"https:\/\/www.z-m.pl\/pl\/aktualnosci\/zaklad-metalowy-laureatem-podkarpackiej-nagrody-gospodarczej-2022\/\" \/>\n<meta property=\"og:locale\" content=\"pl_PL\" \/>\n<meta property=\"og:type\" content=\"article\" \/>\n<meta property=\"og:title\" content=\"Zak\u0142ad Metalowy laureatem Podkarpackiej Nagrody Gospodarczej 2022 - Zak\u0142ad Metalowy Kr\u0119pa\" \/>\n<meta property=\"og:description\" content=\"&nbsp;&nbsp; Mi\u0142o nam poinformowa\u0107, \u017ce Zak\u0142ad Metalowy Adam Kr\u0119pa zosta\u0142 laureatem Podkarpackiej Nagrody Gospodarczej w kategorii Firma mikro.\" \/>\n<meta property=\"og:url\" content=\"https:\/\/www.z-m.pl\/pl\/aktualnosci\/zaklad-metalowy-laureatem-podkarpackiej-nagrody-gospodarczej-2022\/\" \/>\n<meta property=\"og:site_name\" content=\"Zak\u0142ad Metalowy Kr\u0119pa\" \/>\n<meta property=\"article:published_time\" content=\"2023-03-09T15:01:04+00:00\" \/>\n<meta property=\"article:modified_time\" content=\"2023-03-09T15:01:46+00:00\" \/>\n<meta property=\"og:image\" content=\"https:\/\/www.z-m.pl\/pl\/wp-content\/uploads\/sites\/2\/2023\/03\/5K4A2849.jpg\" \/>\n\t<meta property=\"og:image:width\" content=\"1500\" \/>\n\t<meta property=\"og:image:height\" content=\"1000\" \/>\n\t<meta property=\"og:image:type\" content=\"image\/jpeg\" \/>\n<meta name=\"author\" content=\"admin\" \/>\n<meta name=\"twitter:card\" content=\"summary_large_image\" \/>\n<meta name=\"twitter:label1\" content=\"Napisane przez\" \/>\n\t<meta name=\"twitter:data1\" content=\"admin\" \/>\n\t<meta name=\"twitter:label2\" content=\"Szacowany czas czytania\" \/>\n\t<meta name=\"twitter:data2\" content=\"1 minuta\" \/>\n<script type=\"application\/ld+json\" class=\"yoast-schema-graph\">{\"@context\":\"https:\\\/\\\/schema.org\",\"@graph\":[{\"@type\":\"Article\",\"@id\":\"https:\\\/\\\/www.z-m.pl\\\/pl\\\/aktualnosci\\\/zaklad-metalowy-laureatem-podkarpackiej-nagrody-gospodarczej-2022\\\/#article\",\"isPartOf\":{\"@id\":\"https:\\\/\\\/www.z-m.pl\\\/pl\\\/aktualnosci\\\/zaklad-metalowy-laureatem-podkarpackiej-nagrody-gospodarczej-2022\\\/\"},\"author\":{\"name\":\"admin\",\"@id\":\"https:\\\/\\\/www.z-m.pl\\\/pl\\\/#\\\/schema\\\/person\\\/6849bd64a1e50cd0a68d112021ac2419\"},\"headline\":\"Zak\u0142ad Metalowy laureatem Podkarpackiej Nagrody Gospodarczej 2022\",\"datePublished\":\"2023-03-09T15:01:04+00:00\",\"dateModified\":\"2023-03-09T15:01:46+00:00\",\"mainEntityOfPage\":{\"@id\":\"https:\\\/\\\/www.z-m.pl\\\/pl\\\/aktualnosci\\\/zaklad-metalowy-laureatem-podkarpackiej-nagrody-gospodarczej-2022\\\/\"},\"wordCount\":62,\"publisher\":{\"@id\":\"https:\\\/\\\/www.z-m.pl\\\/pl\\\/#organization\"},\"image\":{\"@id\":\"https:\\\/\\\/www.z-m.pl\\\/pl\\\/aktualnosci\\\/zaklad-metalowy-laureatem-podkarpackiej-nagrody-gospodarczej-2022\\\/#primaryimage\"},\"thumbnailUrl\":\"https:\\\/\\\/www.z-m.pl\\\/pl\\\/wp-content\\\/uploads\\\/sites\\\/2\\\/2023\\\/03\\\/5K4A2849.jpg\",\"articleSection\":[\"Aktualno\u015bci\"],\"inLanguage\":\"pl-PL\"},{\"@type\":\"WebPage\",\"@id\":\"https:\\\/\\\/www.z-m.pl\\\/pl\\\/aktualnosci\\\/zaklad-metalowy-laureatem-podkarpackiej-nagrody-gospodarczej-2022\\\/\",\"url\":\"https:\\\/\\\/www.z-m.pl\\\/pl\\\/aktualnosci\\\/zaklad-metalowy-laureatem-podkarpackiej-nagrody-gospodarczej-2022\\\/\",\"name\":\"Zak\u0142ad Metalowy laureatem Podkarpackiej Nagrody Gospodarczej 2022 - Zak\u0142ad Metalowy Kr\u0119pa\",\"isPartOf\":{\"@id\":\"https:\\\/\\\/www.z-m.pl\\\/pl\\\/#website\"},\"primaryImageOfPage\":{\"@id\":\"https:\\\/\\\/www.z-m.pl\\\/pl\\\/aktualnosci\\\/zaklad-metalowy-laureatem-podkarpackiej-nagrody-gospodarczej-2022\\\/#primaryimage\"},\"image\":{\"@id\":\"https:\\\/\\\/www.z-m.pl\\\/pl\\\/aktualnosci\\\/zaklad-metalowy-laureatem-podkarpackiej-nagrody-gospodarczej-2022\\\/#primaryimage\"},\"thumbnailUrl\":\"https:\\\/\\\/www.z-m.pl\\\/pl\\\/wp-content\\\/uploads\\\/sites\\\/2\\\/2023\\\/03\\\/5K4A2849.jpg\",\"datePublished\":\"2023-03-09T15:01:04+00:00\",\"dateModified\":\"2023-03-09T15:01:46+00:00\",\"description\":\"&nbsp;&nbsp; Mi\u0142o nam poinformowa\u0107, \u017ce Zak\u0142ad Metalowy Adam Kr\u0119pa zosta\u0142 laureatem Podkarpackiej Nagrody Gospodarczej w kategorii Firma mikro.\",\"breadcrumb\":{\"@id\":\"https:\\\/\\\/www.z-m.pl\\\/pl\\\/aktualnosci\\\/zaklad-metalowy-laureatem-podkarpackiej-nagrody-gospodarczej-2022\\\/#breadcrumb\"},\"inLanguage\":\"pl-PL\",\"potentialAction\":[{\"@type\":\"ReadAction\",\"target\":[\"https:\\\/\\\/www.z-m.pl\\\/pl\\\/aktualnosci\\\/zaklad-metalowy-laureatem-podkarpackiej-nagrody-gospodarczej-2022\\\/\"]}]},{\"@type\":\"ImageObject\",\"inLanguage\":\"pl-PL\",\"@id\":\"https:\\\/\\\/www.z-m.pl\\\/pl\\\/aktualnosci\\\/zaklad-metalowy-laureatem-podkarpackiej-nagrody-gospodarczej-2022\\\/#primaryimage\",\"url\":\"https:\\\/\\\/www.z-m.pl\\\/pl\\\/wp-content\\\/uploads\\\/sites\\\/2\\\/2023\\\/03\\\/5K4A2849.jpg\",\"contentUrl\":\"https:\\\/\\\/www.z-m.pl\\\/pl\\\/wp-content\\\/uploads\\\/sites\\\/2\\\/2023\\\/03\\\/5K4A2849.jpg\",\"width\":1500,\"height\":1000,\"caption\":\"ZM Kr\u0119pa lauretem PNG 2022\"},{\"@type\":\"BreadcrumbList\",\"@id\":\"https:\\\/\\\/www.z-m.pl\\\/pl\\\/aktualnosci\\\/zaklad-metalowy-laureatem-podkarpackiej-nagrody-gospodarczej-2022\\\/#breadcrumb\",\"itemListElement\":[{\"@type\":\"ListItem\",\"position\":1,\"name\":\"Strona g\u0142\u00f3wna\",\"item\":\"https:\\\/\\\/www.z-m.pl\\\/pl\\\/\"},{\"@type\":\"ListItem\",\"position\":2,\"name\":\"Zak\u0142ad Metalowy laureatem Podkarpackiej Nagrody Gospodarczej 2022\"}]},{\"@type\":\"WebSite\",\"@id\":\"https:\\\/\\\/www.z-m.pl\\\/pl\\\/#website\",\"url\":\"https:\\\/\\\/www.z-m.pl\\\/pl\\\/\",\"name\":\"Zak\u0142ad Metalowy Kr\u0119pa\",\"description\":\"Obr\u00f3bka CNC | Produkcja narz\u0119dzi\",\"publisher\":{\"@id\":\"https:\\\/\\\/www.z-m.pl\\\/pl\\\/#organization\"},\"potentialAction\":[{\"@type\":\"SearchAction\",\"target\":{\"@type\":\"EntryPoint\",\"urlTemplate\":\"https:\\\/\\\/www.z-m.pl\\\/pl\\\/?s={search_term_string}\"},\"query-input\":{\"@type\":\"PropertyValueSpecification\",\"valueRequired\":true,\"valueName\":\"search_term_string\"}}],\"inLanguage\":\"pl-PL\"},{\"@type\":\"Organization\",\"@id\":\"https:\\\/\\\/www.z-m.pl\\\/pl\\\/#organization\",\"name\":\"Z-M Zak\u0142ad Metalowy Kr\u0119pa\",\"url\":\"https:\\\/\\\/www.z-m.pl\\\/pl\\\/\",\"logo\":{\"@type\":\"ImageObject\",\"inLanguage\":\"pl-PL\",\"@id\":\"https:\\\/\\\/www.z-m.pl\\\/pl\\\/#\\\/schema\\\/logo\\\/image\\\/\",\"url\":\"https:\\\/\\\/z-m.pl\\\/pl\\\/wp-content\\\/uploads\\\/sites\\\/2\\\/2022\\\/03\\\/zaklad-metalowy-krepa-logo.png\",\"contentUrl\":\"https:\\\/\\\/z-m.pl\\\/pl\\\/wp-content\\\/uploads\\\/sites\\\/2\\\/2022\\\/03\\\/zaklad-metalowy-krepa-logo.png\",\"width\":278,\"height\":280,\"caption\":\"Z-M Zak\u0142ad Metalowy Kr\u0119pa\"},\"image\":{\"@id\":\"https:\\\/\\\/www.z-m.pl\\\/pl\\\/#\\\/schema\\\/logo\\\/image\\\/\"}},{\"@type\":\"Person\",\"@id\":\"https:\\\/\\\/www.z-m.pl\\\/pl\\\/#\\\/schema\\\/person\\\/6849bd64a1e50cd0a68d112021ac2419\",\"name\":\"admin\",\"sameAs\":[\"https:\\\/\\\/z-m.pl\"]}]}<\/script>\n<!-- \/ Yoast SEO plugin. -->","yoast_head_json":{"title":"Zak\u0142ad Metalowy laureatem Podkarpackiej Nagrody Gospodarczej 2022 - Zak\u0142ad Metalowy Kr\u0119pa","description":"&nbsp;&nbsp; Mi\u0142o nam poinformowa\u0107, \u017ce Zak\u0142ad Metalowy Adam Kr\u0119pa zosta\u0142 laureatem Podkarpackiej Nagrody Gospodarczej w kategorii Firma mikro.","robots":{"index":"index","follow":"follow","max-snippet":"max-snippet:-1","max-image-preview":"max-image-preview:large","max-video-preview":"max-video-preview:-1"},"canonical":"https:\/\/www.z-m.pl\/pl\/aktualnosci\/zaklad-metalowy-laureatem-podkarpackiej-nagrody-gospodarczej-2022\/","og_locale":"pl_PL","og_type":"article","og_title":"Zak\u0142ad Metalowy laureatem Podkarpackiej Nagrody Gospodarczej 2022 - Zak\u0142ad Metalowy Kr\u0119pa","og_description":"&nbsp;&nbsp; Mi\u0142o nam poinformowa\u0107, \u017ce Zak\u0142ad Metalowy Adam Kr\u0119pa zosta\u0142 laureatem Podkarpackiej Nagrody Gospodarczej w kategorii Firma mikro.","og_url":"https:\/\/www.z-m.pl\/pl\/aktualnosci\/zaklad-metalowy-laureatem-podkarpackiej-nagrody-gospodarczej-2022\/","og_site_name":"Zak\u0142ad Metalowy Kr\u0119pa","article_published_time":"2023-03-09T15:01:04+00:00","article_modified_time":"2023-03-09T15:01:46+00:00","og_image":[{"width":1500,"height":1000,"url":"https:\/\/www.z-m.pl\/pl\/wp-content\/uploads\/sites\/2\/2023\/03\/5K4A2849.jpg","type":"image\/jpeg"}],"author":"admin","twitter_card":"summary_large_image","twitter_misc":{"Napisane przez":"admin","Szacowany czas czytania":"1 minuta"},"schema":{"@context":"https:\/\/schema.org","@graph":[{"@type":"Article","@id":"https:\/\/www.z-m.pl\/pl\/aktualnosci\/zaklad-metalowy-laureatem-podkarpackiej-nagrody-gospodarczej-2022\/#article","isPartOf":{"@id":"https:\/\/www.z-m.pl\/pl\/aktualnosci\/zaklad-metalowy-laureatem-podkarpackiej-nagrody-gospodarczej-2022\/"},"author":{"name":"admin","@id":"https:\/\/www.z-m.pl\/pl\/#\/schema\/person\/6849bd64a1e50cd0a68d112021ac2419"},"headline":"Zak\u0142ad Metalowy laureatem Podkarpackiej Nagrody Gospodarczej 2022","datePublished":"2023-03-09T15:01:04+00:00","dateModified":"2023-03-09T15:01:46+00:00","mainEntityOfPage":{"@id":"https:\/\/www.z-m.pl\/pl\/aktualnosci\/zaklad-metalowy-laureatem-podkarpackiej-nagrody-gospodarczej-2022\/"},"wordCount":62,"publisher":{"@id":"https:\/\/www.z-m.pl\/pl\/#organization"},"image":{"@id":"https:\/\/www.z-m.pl\/pl\/aktualnosci\/zaklad-metalowy-laureatem-podkarpackiej-nagrody-gospodarczej-2022\/#primaryimage"},"thumbnailUrl":"https:\/\/www.z-m.pl\/pl\/wp-content\/uploads\/sites\/2\/2023\/03\/5K4A2849.jpg","articleSection":["Aktualno\u015bci"],"inLanguage":"pl-PL"},{"@type":"WebPage","@id":"https:\/\/www.z-m.pl\/pl\/aktualnosci\/zaklad-metalowy-laureatem-podkarpackiej-nagrody-gospodarczej-2022\/","url":"https:\/\/www.z-m.pl\/pl\/aktualnosci\/zaklad-metalowy-laureatem-podkarpackiej-nagrody-gospodarczej-2022\/","name":"Zak\u0142ad Metalowy laureatem Podkarpackiej Nagrody Gospodarczej 2022 - Zak\u0142ad Metalowy Kr\u0119pa","isPartOf":{"@id":"https:\/\/www.z-m.pl\/pl\/#website"},"primaryImageOfPage":{"@id":"https:\/\/www.z-m.pl\/pl\/aktualnosci\/zaklad-metalowy-laureatem-podkarpackiej-nagrody-gospodarczej-2022\/#primaryimage"},"image":{"@id":"https:\/\/www.z-m.pl\/pl\/aktualnosci\/zaklad-metalowy-laureatem-podkarpackiej-nagrody-gospodarczej-2022\/#primaryimage"},"thumbnailUrl":"https:\/\/www.z-m.pl\/pl\/wp-content\/uploads\/sites\/2\/2023\/03\/5K4A2849.jpg","datePublished":"2023-03-09T15:01:04+00:00","dateModified":"2023-03-09T15:01:46+00:00","description":"&nbsp;&nbsp; Mi\u0142o nam poinformowa\u0107, \u017ce Zak\u0142ad Metalowy Adam Kr\u0119pa zosta\u0142 laureatem Podkarpackiej Nagrody Gospodarczej w kategorii Firma mikro.","breadcrumb":{"@id":"https:\/\/www.z-m.pl\/pl\/aktualnosci\/zaklad-metalowy-laureatem-podkarpackiej-nagrody-gospodarczej-2022\/#breadcrumb"},"inLanguage":"pl-PL","potentialAction":[{"@type":"ReadAction","target":["https:\/\/www.z-m.pl\/pl\/aktualnosci\/zaklad-metalowy-laureatem-podkarpackiej-nagrody-gospodarczej-2022\/"]}]},{"@type":"ImageObject","inLanguage":"pl-PL","@id":"https:\/\/www.z-m.pl\/pl\/aktualnosci\/zaklad-metalowy-laureatem-podkarpackiej-nagrody-gospodarczej-2022\/#primaryimage","url":"https:\/\/www.z-m.pl\/pl\/wp-content\/uploads\/sites\/2\/2023\/03\/5K4A2849.jpg","contentUrl":"https:\/\/www.z-m.pl\/pl\/wp-content\/uploads\/sites\/2\/2023\/03\/5K4A2849.jpg","width":1500,"height":1000,"caption":"ZM Kr\u0119pa lauretem PNG 2022"},{"@type":"BreadcrumbList","@id":"https:\/\/www.z-m.pl\/pl\/aktualnosci\/zaklad-metalowy-laureatem-podkarpackiej-nagrody-gospodarczej-2022\/#breadcrumb","itemListElement":[{"@type":"ListItem","position":1,"name":"Strona g\u0142\u00f3wna","item":"https:\/\/www.z-m.pl\/pl\/"},{"@type":"ListItem","position":2,"name":"Zak\u0142ad Metalowy laureatem Podkarpackiej Nagrody Gospodarczej 2022"}]},{"@type":"WebSite","@id":"https:\/\/www.z-m.pl\/pl\/#website","url":"https:\/\/www.z-m.pl\/pl\/","name":"Zak\u0142ad Metalowy Kr\u0119pa","description":"Obr\u00f3bka CNC | Produkcja narz\u0119dzi","publisher":{"@id":"https:\/\/www.z-m.pl\/pl\/#organization"},"potentialAction":[{"@type":"SearchAction","target":{"@type":"EntryPoint","urlTemplate":"https:\/\/www.z-m.pl\/pl\/?s={search_term_string}"},"query-input":{"@type":"PropertyValueSpecification","valueRequired":true,"valueName":"search_term_string"}}],"inLanguage":"pl-PL"},{"@type":"Organization","@id":"https:\/\/www.z-m.pl\/pl\/#organization","name":"Z-M Zak\u0142ad Metalowy Kr\u0119pa","url":"https:\/\/www.z-m.pl\/pl\/","logo":{"@type":"ImageObject","inLanguage":"pl-PL","@id":"https:\/\/www.z-m.pl\/pl\/#\/schema\/logo\/image\/","url":"https:\/\/z-m.pl\/pl\/wp-content\/uploads\/sites\/2\/2022\/03\/zaklad-metalowy-krepa-logo.png","contentUrl":"https:\/\/z-m.pl\/pl\/wp-content\/uploads\/sites\/2\/2022\/03\/zaklad-metalowy-krepa-logo.png","width":278,"height":280,"caption":"Z-M Zak\u0142ad Metalowy Kr\u0119pa"},"image":{"@id":"https:\/\/www.z-m.pl\/pl\/#\/schema\/logo\/image\/"}},{"@type":"Person","@id":"https:\/\/www.z-m.pl\/pl\/#\/schema\/person\/6849bd64a1e50cd0a68d112021ac2419","name":"admin","sameAs":["https:\/\/z-m.pl"]}]}},"_links":{"self":[{"href":"https:\/\/www.z-m.pl\/pl\/wp-json\/wp\/v2\/posts\/1698","targetHints":{"allow":["GET"]}}],"collection":[{"href":"https:\/\/www.z-m.pl\/pl\/wp-json\/wp\/v2\/posts"}],"about":[{"href":"https:\/\/www.z-m.pl\/pl\/wp-json\/wp\/v2\/types\/post"}],"author":[{"embeddable":true,"href":"https:\/\/www.z-m.pl\/pl\/wp-json\/wp\/v2\/users\/1"}],"replies":[{"embeddable":true,"href":"https:\/\/www.z-m.pl\/pl\/wp-json\/wp\/v2\/comments?post=1698"}],"version-history":[{"count":1,"href":"https:\/\/www.z-m.pl\/pl\/wp-json\/wp\/v2\/posts\/1698\/revisions"}],"predecessor-version":[{"id":1703,"href":"https:\/\/www.z-m.pl\/pl\/wp-json\/wp\/v2\/posts\/1698\/revisions\/1703"}],"wp:featuredmedia":[{"embeddable":true,"href":"https:\/\/www.z-m.pl\/pl\/wp-json\/wp\/v2\/media\/1701"}],"wp:attachment":[{"href":"https:\/\/www.z-m.pl\/pl\/wp-json\/wp\/v2\/media?parent=1698"}],"wp:term":[{"taxonomy":"category","embeddable":true,"href":"https:\/\/www.z-m.pl\/pl\/wp-json\/wp\/v2\/categories?post=1698"},{"taxonomy":"post_tag","embeddable":true,"href":"https:\/\/www.z-m.pl\/pl\/wp-json\/wp\/v2\/tags?post=1698"}],"curies":[{"name":"wp","href":"https:\/\/api.w.org\/{rel}","templated":true}]}}