{"id":1059,"date":"2021-11-15T10:38:50","date_gmt":"2021-11-15T09:38:50","guid":{"rendered":"https:\/\/z-m.pl\/pl\/aktualnosci\/podkarpacka-nagroda-gospodarcza\/"},"modified":"2023-03-09T15:55:15","modified_gmt":"2023-03-09T14:55:15","slug":"zaklad-metalowy-laureatem-podkarpackiej-nagrody-gospodarczej-2021","status":"publish","type":"post","link":"https:\/\/www.z-m.pl\/pl\/aktualnosci\/zaklad-metalowy-laureatem-podkarpackiej-nagrody-gospodarczej-2021\/","title":{"rendered":"Zak\u0142ad Metalowy laureatem Podkarpackiej Nagrody Gospodarczej 2021"},"content":{"rendered":"\n<p>Mi\u0142o nam poinformowa\u0107, \u017ce Zak\u0142ad Metalowy Adam Kr\u0119pa zosta\u0142 laureatem Podkarpackiej Nagrody Gospodarczej w kategorii Firma mikro.<\/p>\n\n\n\n<p>27 pa\u017adziernika 2021roku w G2A Arena w Jasionce podczas uroczystej Gali Biznesu odby\u0142a si\u0119 Jubileuszowa XX edycja konkursu \u201ePodkarpacka Nagroda Gospodarcza\u201d.<\/p>\n\n\n\n<p>Nagroda wr\u0119czona zosta\u0142a przez Marsza\u0142ka Wojew\u00f3dztwa Podkarpackiego W\u0142adys\u0142awa Ortyla.<\/p>\n\n\n\n<div class=\"wp-block-columns is-layout-flex wp-container-core-columns-is-layout-28f84493 wp-block-columns-is-layout-flex\">\n<div class=\"wp-block-column is-layout-flow wp-block-column-is-layout-flow\" style=\"flex-basis:50%\">\n<figure class=\"wp-block-image size-full\"><img fetchpriority=\"high\" decoding=\"async\" width=\"1024\" height=\"683\" src=\"https:\/\/www.z-m.pl\/pl\/wp-content\/uploads\/sites\/2\/2021\/11\/d.jpg\" alt=\"\" class=\"wp-image-1057\" srcset=\"https:\/\/www.z-m.pl\/pl\/wp-content\/uploads\/sites\/2\/2021\/11\/d.jpg 1024w, https:\/\/www.z-m.pl\/pl\/wp-content\/uploads\/sites\/2\/2021\/11\/d-300x200.jpg 300w, https:\/\/www.z-m.pl\/pl\/wp-content\/uploads\/sites\/2\/2021\/11\/d-768x512.jpg 768w\" sizes=\"(max-width: 1024px) 100vw, 1024px\" \/><\/figure>\n<\/div>\n\n\n\n<div class=\"wp-block-column is-layout-flow wp-block-column-is-layout-flow\" style=\"flex-basis:50%\">\n<figure class=\"wp-block-image size-full\"><img decoding=\"async\" width=\"1024\" height=\"683\" src=\"https:\/\/www.z-m.pl\/pl\/wp-content\/uploads\/sites\/2\/2021\/11\/b.jpg\" alt=\"\" class=\"wp-image-1058\" srcset=\"https:\/\/www.z-m.pl\/pl\/wp-content\/uploads\/sites\/2\/2021\/11\/b.jpg 1024w, https:\/\/www.z-m.pl\/pl\/wp-content\/uploads\/sites\/2\/2021\/11\/b-300x200.jpg 300w, https:\/\/www.z-m.pl\/pl\/wp-content\/uploads\/sites\/2\/2021\/11\/b-768x512.jpg 768w\" sizes=\"(max-width: 1024px) 100vw, 1024px\" \/><\/figure>\n<\/div>\n<\/div>\n\n\n\n<div class=\"wp-block-columns is-layout-flex wp-container-core-columns-is-layout-28f84493 wp-block-columns-is-layout-flex\">\n<div class=\"wp-block-column is-layout-flow wp-block-column-is-layout-flow\" style=\"flex-basis:50%\">\n<figure class=\"wp-block-image size-full\"><img decoding=\"async\" width=\"1024\" height=\"768\" src=\"https:\/\/www.z-m.pl\/pl\/wp-content\/uploads\/sites\/2\/2021\/11\/IMG_6417.jpg\" alt=\"PGN 2021\" class=\"wp-image-1696\" srcset=\"https:\/\/www.z-m.pl\/pl\/wp-content\/uploads\/sites\/2\/2021\/11\/IMG_6417.jpg 1024w, https:\/\/www.z-m.pl\/pl\/wp-content\/uploads\/sites\/2\/2021\/11\/IMG_6417-300x225.jpg 300w\" sizes=\"(max-width: 1024px) 100vw, 1024px\" \/><\/figure>\n<\/div>\n\n\n\n<div class=\"wp-block-column is-layout-flow wp-block-column-is-layout-flow\" style=\"flex-basis:50%\"><\/div>\n<\/div>\n\n\n\n<p><a href=\"https:\/\/png.pl\/\">https:\/\/png.pl\/<\/a><\/p>\n\n\n\n<p><a href=\"https:\/\/png.pl\/laureaci-konkursu-podkarpacka-nagroda-gospodarcza-2021-lista\/\">Lista laureat\u00f3w PNG<\/a><\/p>\n","protected":false},"excerpt":{"rendered":"<p><img decoding=\"async\" src=\"png-01\" alt=\"\" \/>&nbsp;<img loading=\"lazy\" decoding=\"async\" class=\" size-full wp-image-1055\" src=\"https:\/\/z-m.pl\/pl\/wp-content\/uploads\/sites\/2\/2021\/11\/A.jpg\" alt=\"\" width=\"369\" height=\"247\" \/>&nbsp;<img loading=\"lazy\" decoding=\"async\" class=\" size-full wp-image-1056\" src=\"https:\/\/z-m.pl\/pl\/wp-content\/uploads\/sites\/2\/2021\/11\/Beztytuu.png\" alt=\"Beztytuu\" width=\"369\" height=\"247\" \/><\/p>\n<p>Mi\u0142o nam poinformowa\u0107, \u017ce Zak\u0142ad Metalowy Adam Kr\u0119pa zosta\u0142 laureatem Podkarpackiej Nagrody Gospodarczej w kategorii Firma mikro.<\/p>\n","protected":false},"author":1,"featured_media":1055,"comment_status":"closed","ping_status":"closed","sticky":false,"template":"","format":"standard","meta":{"footnotes":""},"categories":[10],"tags":[],"class_list":["post-1059","post","type-post","status-publish","format-standard","has-post-thumbnail","hentry","category-aktualnosci"],"yoast_head":"<!-- This site is optimized with the Yoast SEO plugin v27.4 - https:\/\/yoast.com\/product\/yoast-seo-wordpress\/ -->\n<title>Zak\u0142ad Metalowy laureatem Podkarpackiej Nagrody Gospodarczej 2021 - Zak\u0142ad Metalowy Kr\u0119pa<\/title>\n<meta name=\"description\" content=\"&nbsp;&nbsp; Mi\u0142o nam poinformowa\u0107, \u017ce Zak\u0142ad Metalowy Adam Kr\u0119pa zosta\u0142 laureatem Podkarpackiej Nagrody Gospodarczej w kategorii Firma mikro.\" \/>\n<meta name=\"robots\" content=\"index, follow, max-snippet:-1, max-image-preview:large, max-video-preview:-1\" \/>\n<link rel=\"canonical\" href=\"https:\/\/www.z-m.pl\/pl\/aktualnosci\/zaklad-metalowy-laureatem-podkarpackiej-nagrody-gospodarczej-2021\/\" \/>\n<meta property=\"og:locale\" content=\"pl_PL\" \/>\n<meta property=\"og:type\" content=\"article\" \/>\n<meta property=\"og:title\" content=\"Zak\u0142ad Metalowy laureatem Podkarpackiej Nagrody Gospodarczej 2021 - Zak\u0142ad Metalowy Kr\u0119pa\" \/>\n<meta property=\"og:description\" content=\"&nbsp;&nbsp; Mi\u0142o nam poinformowa\u0107, \u017ce Zak\u0142ad Metalowy Adam Kr\u0119pa zosta\u0142 laureatem Podkarpackiej Nagrody Gospodarczej w kategorii Firma mikro.\" \/>\n<meta property=\"og:url\" content=\"https:\/\/www.z-m.pl\/pl\/aktualnosci\/zaklad-metalowy-laureatem-podkarpackiej-nagrody-gospodarczej-2021\/\" \/>\n<meta property=\"og:site_name\" content=\"Zak\u0142ad Metalowy Kr\u0119pa\" \/>\n<meta property=\"article:published_time\" content=\"2021-11-15T09:38:50+00:00\" \/>\n<meta property=\"article:modified_time\" content=\"2023-03-09T14:55:15+00:00\" \/>\n<meta property=\"og:image\" content=\"https:\/\/www.z-m.pl\/pl\/wp-content\/uploads\/sites\/2\/2021\/11\/a.jpg\" \/>\n\t<meta property=\"og:image:width\" content=\"1024\" \/>\n\t<meta property=\"og:image:height\" content=\"683\" \/>\n\t<meta property=\"og:image:type\" content=\"image\/jpeg\" \/>\n<meta name=\"author\" content=\"admin\" \/>\n<meta name=\"twitter:card\" content=\"summary_large_image\" \/>\n<meta name=\"twitter:label1\" content=\"Napisane przez\" \/>\n\t<meta name=\"twitter:data1\" content=\"admin\" \/>\n\t<meta name=\"twitter:label2\" content=\"Szacowany czas czytania\" \/>\n\t<meta name=\"twitter:data2\" content=\"1 minuta\" \/>\n<script type=\"application\/ld+json\" class=\"yoast-schema-graph\">{\"@context\":\"https:\\\/\\\/schema.org\",\"@graph\":[{\"@type\":\"Article\",\"@id\":\"https:\\\/\\\/www.z-m.pl\\\/pl\\\/aktualnosci\\\/zaklad-metalowy-laureatem-podkarpackiej-nagrody-gospodarczej-2021\\\/#article\",\"isPartOf\":{\"@id\":\"https:\\\/\\\/www.z-m.pl\\\/pl\\\/aktualnosci\\\/zaklad-metalowy-laureatem-podkarpackiej-nagrody-gospodarczej-2021\\\/\"},\"author\":{\"name\":\"admin\",\"@id\":\"https:\\\/\\\/www.z-m.pl\\\/pl\\\/#\\\/schema\\\/person\\\/6849bd64a1e50cd0a68d112021ac2419\"},\"headline\":\"Zak\u0142ad Metalowy laureatem Podkarpackiej Nagrody Gospodarczej 2021\",\"datePublished\":\"2021-11-15T09:38:50+00:00\",\"dateModified\":\"2023-03-09T14:55:15+00:00\",\"mainEntityOfPage\":{\"@id\":\"https:\\\/\\\/www.z-m.pl\\\/pl\\\/aktualnosci\\\/zaklad-metalowy-laureatem-podkarpackiej-nagrody-gospodarczej-2021\\\/\"},\"wordCount\":72,\"publisher\":{\"@id\":\"https:\\\/\\\/www.z-m.pl\\\/pl\\\/#organization\"},\"image\":{\"@id\":\"https:\\\/\\\/www.z-m.pl\\\/pl\\\/aktualnosci\\\/zaklad-metalowy-laureatem-podkarpackiej-nagrody-gospodarczej-2021\\\/#primaryimage\"},\"thumbnailUrl\":\"https:\\\/\\\/www.z-m.pl\\\/pl\\\/wp-content\\\/uploads\\\/sites\\\/2\\\/2021\\\/11\\\/a.jpg\",\"articleSection\":[\"Aktualno\u015bci\"],\"inLanguage\":\"pl-PL\"},{\"@type\":\"WebPage\",\"@id\":\"https:\\\/\\\/www.z-m.pl\\\/pl\\\/aktualnosci\\\/zaklad-metalowy-laureatem-podkarpackiej-nagrody-gospodarczej-2021\\\/\",\"url\":\"https:\\\/\\\/www.z-m.pl\\\/pl\\\/aktualnosci\\\/zaklad-metalowy-laureatem-podkarpackiej-nagrody-gospodarczej-2021\\\/\",\"name\":\"Zak\u0142ad Metalowy laureatem Podkarpackiej Nagrody Gospodarczej 2021 - Zak\u0142ad Metalowy Kr\u0119pa\",\"isPartOf\":{\"@id\":\"https:\\\/\\\/www.z-m.pl\\\/pl\\\/#website\"},\"primaryImageOfPage\":{\"@id\":\"https:\\\/\\\/www.z-m.pl\\\/pl\\\/aktualnosci\\\/zaklad-metalowy-laureatem-podkarpackiej-nagrody-gospodarczej-2021\\\/#primaryimage\"},\"image\":{\"@id\":\"https:\\\/\\\/www.z-m.pl\\\/pl\\\/aktualnosci\\\/zaklad-metalowy-laureatem-podkarpackiej-nagrody-gospodarczej-2021\\\/#primaryimage\"},\"thumbnailUrl\":\"https:\\\/\\\/www.z-m.pl\\\/pl\\\/wp-content\\\/uploads\\\/sites\\\/2\\\/2021\\\/11\\\/a.jpg\",\"datePublished\":\"2021-11-15T09:38:50+00:00\",\"dateModified\":\"2023-03-09T14:55:15+00:00\",\"description\":\"&nbsp;&nbsp; Mi\u0142o nam poinformowa\u0107, \u017ce Zak\u0142ad Metalowy Adam Kr\u0119pa zosta\u0142 laureatem Podkarpackiej Nagrody Gospodarczej w kategorii Firma mikro.\",\"breadcrumb\":{\"@id\":\"https:\\\/\\\/www.z-m.pl\\\/pl\\\/aktualnosci\\\/zaklad-metalowy-laureatem-podkarpackiej-nagrody-gospodarczej-2021\\\/#breadcrumb\"},\"inLanguage\":\"pl-PL\",\"potentialAction\":[{\"@type\":\"ReadAction\",\"target\":[\"https:\\\/\\\/www.z-m.pl\\\/pl\\\/aktualnosci\\\/zaklad-metalowy-laureatem-podkarpackiej-nagrody-gospodarczej-2021\\\/\"]}]},{\"@type\":\"ImageObject\",\"inLanguage\":\"pl-PL\",\"@id\":\"https:\\\/\\\/www.z-m.pl\\\/pl\\\/aktualnosci\\\/zaklad-metalowy-laureatem-podkarpackiej-nagrody-gospodarczej-2021\\\/#primaryimage\",\"url\":\"https:\\\/\\\/www.z-m.pl\\\/pl\\\/wp-content\\\/uploads\\\/sites\\\/2\\\/2021\\\/11\\\/a.jpg\",\"contentUrl\":\"https:\\\/\\\/www.z-m.pl\\\/pl\\\/wp-content\\\/uploads\\\/sites\\\/2\\\/2021\\\/11\\\/a.jpg\",\"width\":1024,\"height\":683,\"caption\":\"Zdj\u0119cie odebranie nagrody na gali\"},{\"@type\":\"BreadcrumbList\",\"@id\":\"https:\\\/\\\/www.z-m.pl\\\/pl\\\/aktualnosci\\\/zaklad-metalowy-laureatem-podkarpackiej-nagrody-gospodarczej-2021\\\/#breadcrumb\",\"itemListElement\":[{\"@type\":\"ListItem\",\"position\":1,\"name\":\"Strona g\u0142\u00f3wna\",\"item\":\"https:\\\/\\\/www.z-m.pl\\\/pl\\\/\"},{\"@type\":\"ListItem\",\"position\":2,\"name\":\"Zak\u0142ad Metalowy laureatem Podkarpackiej Nagrody Gospodarczej 2021\"}]},{\"@type\":\"WebSite\",\"@id\":\"https:\\\/\\\/www.z-m.pl\\\/pl\\\/#website\",\"url\":\"https:\\\/\\\/www.z-m.pl\\\/pl\\\/\",\"name\":\"Zak\u0142ad Metalowy Kr\u0119pa\",\"description\":\"Obr\u00f3bka CNC | Produkcja narz\u0119dzi\",\"publisher\":{\"@id\":\"https:\\\/\\\/www.z-m.pl\\\/pl\\\/#organization\"},\"potentialAction\":[{\"@type\":\"SearchAction\",\"target\":{\"@type\":\"EntryPoint\",\"urlTemplate\":\"https:\\\/\\\/www.z-m.pl\\\/pl\\\/?s={search_term_string}\"},\"query-input\":{\"@type\":\"PropertyValueSpecification\",\"valueRequired\":true,\"valueName\":\"search_term_string\"}}],\"inLanguage\":\"pl-PL\"},{\"@type\":\"Organization\",\"@id\":\"https:\\\/\\\/www.z-m.pl\\\/pl\\\/#organization\",\"name\":\"Z-M Zak\u0142ad Metalowy Kr\u0119pa\",\"url\":\"https:\\\/\\\/www.z-m.pl\\\/pl\\\/\",\"logo\":{\"@type\":\"ImageObject\",\"inLanguage\":\"pl-PL\",\"@id\":\"https:\\\/\\\/www.z-m.pl\\\/pl\\\/#\\\/schema\\\/logo\\\/image\\\/\",\"url\":\"https:\\\/\\\/z-m.pl\\\/pl\\\/wp-content\\\/uploads\\\/sites\\\/2\\\/2022\\\/03\\\/zaklad-metalowy-krepa-logo.png\",\"contentUrl\":\"https:\\\/\\\/z-m.pl\\\/pl\\\/wp-content\\\/uploads\\\/sites\\\/2\\\/2022\\\/03\\\/zaklad-metalowy-krepa-logo.png\",\"width\":278,\"height\":280,\"caption\":\"Z-M Zak\u0142ad Metalowy Kr\u0119pa\"},\"image\":{\"@id\":\"https:\\\/\\\/www.z-m.pl\\\/pl\\\/#\\\/schema\\\/logo\\\/image\\\/\"}},{\"@type\":\"Person\",\"@id\":\"https:\\\/\\\/www.z-m.pl\\\/pl\\\/#\\\/schema\\\/person\\\/6849bd64a1e50cd0a68d112021ac2419\",\"name\":\"admin\",\"sameAs\":[\"https:\\\/\\\/z-m.pl\"]}]}<\/script>\n<!-- \/ Yoast SEO plugin. -->","yoast_head_json":{"title":"Zak\u0142ad Metalowy laureatem Podkarpackiej Nagrody Gospodarczej 2021 - Zak\u0142ad Metalowy Kr\u0119pa","description":"&nbsp;&nbsp; Mi\u0142o nam poinformowa\u0107, \u017ce Zak\u0142ad Metalowy Adam Kr\u0119pa zosta\u0142 laureatem Podkarpackiej Nagrody Gospodarczej w kategorii Firma mikro.","robots":{"index":"index","follow":"follow","max-snippet":"max-snippet:-1","max-image-preview":"max-image-preview:large","max-video-preview":"max-video-preview:-1"},"canonical":"https:\/\/www.z-m.pl\/pl\/aktualnosci\/zaklad-metalowy-laureatem-podkarpackiej-nagrody-gospodarczej-2021\/","og_locale":"pl_PL","og_type":"article","og_title":"Zak\u0142ad Metalowy laureatem Podkarpackiej Nagrody Gospodarczej 2021 - Zak\u0142ad Metalowy Kr\u0119pa","og_description":"&nbsp;&nbsp; Mi\u0142o nam poinformowa\u0107, \u017ce Zak\u0142ad Metalowy Adam Kr\u0119pa zosta\u0142 laureatem Podkarpackiej Nagrody Gospodarczej w kategorii Firma mikro.","og_url":"https:\/\/www.z-m.pl\/pl\/aktualnosci\/zaklad-metalowy-laureatem-podkarpackiej-nagrody-gospodarczej-2021\/","og_site_name":"Zak\u0142ad Metalowy Kr\u0119pa","article_published_time":"2021-11-15T09:38:50+00:00","article_modified_time":"2023-03-09T14:55:15+00:00","og_image":[{"width":1024,"height":683,"url":"https:\/\/www.z-m.pl\/pl\/wp-content\/uploads\/sites\/2\/2021\/11\/a.jpg","type":"image\/jpeg"}],"author":"admin","twitter_card":"summary_large_image","twitter_misc":{"Napisane przez":"admin","Szacowany czas czytania":"1 minuta"},"schema":{"@context":"https:\/\/schema.org","@graph":[{"@type":"Article","@id":"https:\/\/www.z-m.pl\/pl\/aktualnosci\/zaklad-metalowy-laureatem-podkarpackiej-nagrody-gospodarczej-2021\/#article","isPartOf":{"@id":"https:\/\/www.z-m.pl\/pl\/aktualnosci\/zaklad-metalowy-laureatem-podkarpackiej-nagrody-gospodarczej-2021\/"},"author":{"name":"admin","@id":"https:\/\/www.z-m.pl\/pl\/#\/schema\/person\/6849bd64a1e50cd0a68d112021ac2419"},"headline":"Zak\u0142ad Metalowy laureatem Podkarpackiej Nagrody Gospodarczej 2021","datePublished":"2021-11-15T09:38:50+00:00","dateModified":"2023-03-09T14:55:15+00:00","mainEntityOfPage":{"@id":"https:\/\/www.z-m.pl\/pl\/aktualnosci\/zaklad-metalowy-laureatem-podkarpackiej-nagrody-gospodarczej-2021\/"},"wordCount":72,"publisher":{"@id":"https:\/\/www.z-m.pl\/pl\/#organization"},"image":{"@id":"https:\/\/www.z-m.pl\/pl\/aktualnosci\/zaklad-metalowy-laureatem-podkarpackiej-nagrody-gospodarczej-2021\/#primaryimage"},"thumbnailUrl":"https:\/\/www.z-m.pl\/pl\/wp-content\/uploads\/sites\/2\/2021\/11\/a.jpg","articleSection":["Aktualno\u015bci"],"inLanguage":"pl-PL"},{"@type":"WebPage","@id":"https:\/\/www.z-m.pl\/pl\/aktualnosci\/zaklad-metalowy-laureatem-podkarpackiej-nagrody-gospodarczej-2021\/","url":"https:\/\/www.z-m.pl\/pl\/aktualnosci\/zaklad-metalowy-laureatem-podkarpackiej-nagrody-gospodarczej-2021\/","name":"Zak\u0142ad Metalowy laureatem Podkarpackiej Nagrody Gospodarczej 2021 - Zak\u0142ad Metalowy Kr\u0119pa","isPartOf":{"@id":"https:\/\/www.z-m.pl\/pl\/#website"},"primaryImageOfPage":{"@id":"https:\/\/www.z-m.pl\/pl\/aktualnosci\/zaklad-metalowy-laureatem-podkarpackiej-nagrody-gospodarczej-2021\/#primaryimage"},"image":{"@id":"https:\/\/www.z-m.pl\/pl\/aktualnosci\/zaklad-metalowy-laureatem-podkarpackiej-nagrody-gospodarczej-2021\/#primaryimage"},"thumbnailUrl":"https:\/\/www.z-m.pl\/pl\/wp-content\/uploads\/sites\/2\/2021\/11\/a.jpg","datePublished":"2021-11-15T09:38:50+00:00","dateModified":"2023-03-09T14:55:15+00:00","description":"&nbsp;&nbsp; Mi\u0142o nam poinformowa\u0107, \u017ce Zak\u0142ad Metalowy Adam Kr\u0119pa zosta\u0142 laureatem Podkarpackiej Nagrody Gospodarczej w kategorii Firma mikro.","breadcrumb":{"@id":"https:\/\/www.z-m.pl\/pl\/aktualnosci\/zaklad-metalowy-laureatem-podkarpackiej-nagrody-gospodarczej-2021\/#breadcrumb"},"inLanguage":"pl-PL","potentialAction":[{"@type":"ReadAction","target":["https:\/\/www.z-m.pl\/pl\/aktualnosci\/zaklad-metalowy-laureatem-podkarpackiej-nagrody-gospodarczej-2021\/"]}]},{"@type":"ImageObject","inLanguage":"pl-PL","@id":"https:\/\/www.z-m.pl\/pl\/aktualnosci\/zaklad-metalowy-laureatem-podkarpackiej-nagrody-gospodarczej-2021\/#primaryimage","url":"https:\/\/www.z-m.pl\/pl\/wp-content\/uploads\/sites\/2\/2021\/11\/a.jpg","contentUrl":"https:\/\/www.z-m.pl\/pl\/wp-content\/uploads\/sites\/2\/2021\/11\/a.jpg","width":1024,"height":683,"caption":"Zdj\u0119cie odebranie nagrody na gali"},{"@type":"BreadcrumbList","@id":"https:\/\/www.z-m.pl\/pl\/aktualnosci\/zaklad-metalowy-laureatem-podkarpackiej-nagrody-gospodarczej-2021\/#breadcrumb","itemListElement":[{"@type":"ListItem","position":1,"name":"Strona g\u0142\u00f3wna","item":"https:\/\/www.z-m.pl\/pl\/"},{"@type":"ListItem","position":2,"name":"Zak\u0142ad Metalowy laureatem Podkarpackiej Nagrody Gospodarczej 2021"}]},{"@type":"WebSite","@id":"https:\/\/www.z-m.pl\/pl\/#website","url":"https:\/\/www.z-m.pl\/pl\/","name":"Zak\u0142ad Metalowy Kr\u0119pa","description":"Obr\u00f3bka CNC | Produkcja narz\u0119dzi","publisher":{"@id":"https:\/\/www.z-m.pl\/pl\/#organization"},"potentialAction":[{"@type":"SearchAction","target":{"@type":"EntryPoint","urlTemplate":"https:\/\/www.z-m.pl\/pl\/?s={search_term_string}"},"query-input":{"@type":"PropertyValueSpecification","valueRequired":true,"valueName":"search_term_string"}}],"inLanguage":"pl-PL"},{"@type":"Organization","@id":"https:\/\/www.z-m.pl\/pl\/#organization","name":"Z-M Zak\u0142ad Metalowy Kr\u0119pa","url":"https:\/\/www.z-m.pl\/pl\/","logo":{"@type":"ImageObject","inLanguage":"pl-PL","@id":"https:\/\/www.z-m.pl\/pl\/#\/schema\/logo\/image\/","url":"https:\/\/z-m.pl\/pl\/wp-content\/uploads\/sites\/2\/2022\/03\/zaklad-metalowy-krepa-logo.png","contentUrl":"https:\/\/z-m.pl\/pl\/wp-content\/uploads\/sites\/2\/2022\/03\/zaklad-metalowy-krepa-logo.png","width":278,"height":280,"caption":"Z-M Zak\u0142ad Metalowy Kr\u0119pa"},"image":{"@id":"https:\/\/www.z-m.pl\/pl\/#\/schema\/logo\/image\/"}},{"@type":"Person","@id":"https:\/\/www.z-m.pl\/pl\/#\/schema\/person\/6849bd64a1e50cd0a68d112021ac2419","name":"admin","sameAs":["https:\/\/z-m.pl"]}]}},"_links":{"self":[{"href":"https:\/\/www.z-m.pl\/pl\/wp-json\/wp\/v2\/posts\/1059","targetHints":{"allow":["GET"]}}],"collection":[{"href":"https:\/\/www.z-m.pl\/pl\/wp-json\/wp\/v2\/posts"}],"about":[{"href":"https:\/\/www.z-m.pl\/pl\/wp-json\/wp\/v2\/types\/post"}],"author":[{"embeddable":true,"href":"https:\/\/www.z-m.pl\/pl\/wp-json\/wp\/v2\/users\/1"}],"replies":[{"embeddable":true,"href":"https:\/\/www.z-m.pl\/pl\/wp-json\/wp\/v2\/comments?post=1059"}],"version-history":[{"count":2,"href":"https:\/\/www.z-m.pl\/pl\/wp-json\/wp\/v2\/posts\/1059\/revisions"}],"predecessor-version":[{"id":1697,"href":"https:\/\/www.z-m.pl\/pl\/wp-json\/wp\/v2\/posts\/1059\/revisions\/1697"}],"wp:featuredmedia":[{"embeddable":true,"href":"https:\/\/www.z-m.pl\/pl\/wp-json\/wp\/v2\/media\/1055"}],"wp:attachment":[{"href":"https:\/\/www.z-m.pl\/pl\/wp-json\/wp\/v2\/media?parent=1059"}],"wp:term":[{"taxonomy":"category","embeddable":true,"href":"https:\/\/www.z-m.pl\/pl\/wp-json\/wp\/v2\/categories?post=1059"},{"taxonomy":"post_tag","embeddable":true,"href":"https:\/\/www.z-m.pl\/pl\/wp-json\/wp\/v2\/tags?post=1059"}],"curies":[{"name":"wp","href":"https:\/\/api.w.org\/{rel}","templated":true}]}}