{"id":1047,"date":"2018-09-14T15:40:23","date_gmt":"2018-09-14T13:40:23","guid":{"rendered":"https:\/\/z-m.pl\/pl\/aktualnosci\/sprawdziany-o-konstrukcji-modulowej\/"},"modified":"2022-05-06T12:48:27","modified_gmt":"2022-05-06T10:48:27","slug":"sprawdziany-o-konstrukcji-modulowej","status":"publish","type":"post","link":"https:\/\/www.z-m.pl\/pl\/aktualnosci\/sprawdziany-o-konstrukcji-modulowej\/","title":{"rendered":"Sprawdziany o konstrukcji modu\u0142owej"},"content":{"rendered":"<p>Informujemy, \u017ce Firma \u201eZak\u0142ad Metalowy Adam Kr\u0119pa\u201d otrzyma\u0142a dofinansowanie na realizacj\u0119 projektu pn. \u201e<strong>Wdro\u017cenie do produkcji sprawdzian\u00f3w do szyb o konstrukcji modu\u0142owej dedykowanych dla przemys\u0142u motoryzacyjnego\u201d <\/strong>z Regionalny Programu Operacyjnego Wojew\u00f3dztwa Podkarpackiego na lata 2014 \u2013 2020, O\u015b priorytetowa: I Konkurencyjna i innowacyjna gospodarka, Dzia\u0142anie: 1.4 Wsparcie M\u015aP, Poddzia\u0142anie: 1.4.1 Dotacje bezpo\u015brednie, Typ: 1 Rozw\u00f3j M\u015aP.<\/p>\n<p>Projekt realizowany jest dzi\u0119ki wsparciu z Regionalnego Programu Operacyjnego Wojew\u00f3dztwa Podkarpackiego na lata 2014 \u2013 2020, O\u015b priorytetowa: I Konkurencyjna i innowacyjna gospodarka, Dzia\u0142anie: 1.4 Wsparcie M\u015aP, Poddzia\u0142anie: 1.4.1 Dotacje bezpo\u015brednie, Typ: 1 Rozw\u00f3j M\u015aP.<\/p>\n<p>Warto\u015b\u0107 projektu\u00a0 :\u00a0 1 700 851,38 PLN<\/p>\n<p>Wk\u0142ad Funduszy Europejskich\u00a0 :\u00a0 760\u00a0543 ,30 PLN<\/p>\n","protected":false},"excerpt":{"rendered":"<p>Informujemy, \u017ce Zak\u0142ad Metalowy Adam Kr\u0119pa&nbsp;rozpocz\u0105\u0142 produkcj\u0119 innowacyjnych sprawdzian\u00f3w do szyb o konstrukcji modu\u0142owej dedykowanych dla przemys\u0142u motoryzacyjnego. Zakupiono&nbsp;precyzyjne <a href=\"pl\/park-maszynowy\/66-centrum-obrobcze-dmgmori-dmu-95-monoblock\">5-osiowe centrum obr\u00f3bcze<\/a>.<\/p>\n","protected":false},"author":1,"featured_media":1011,"comment_status":"closed","ping_status":"","sticky":false,"template":"","format":"standard","meta":{"footnotes":""},"categories":[10],"tags":[],"class_list":["post-1047","post","type-post","status-publish","format-standard","has-post-thumbnail","hentry","category-aktualnosci"],"yoast_head":"<!-- This site is optimized with the Yoast SEO plugin v27.4 - https:\/\/yoast.com\/product\/yoast-seo-wordpress\/ -->\n<title>Sprawdziany o konstrukcji modu\u0142owej - Zak\u0142ad Metalowy Kr\u0119pa<\/title>\n<meta name=\"description\" content=\"Informujemy, \u017ce Zak\u0142ad Metalowy Adam Kr\u0119pa&nbsp;rozpocz\u0105\u0142 produkcj\u0119 innowacyjnych sprawdzian\u00f3w do szyb o konstrukcji modu\u0142owej dedykowanych dla przemys\u0142u motoryzacyjnego. Zakupiono&nbsp;precyzyjne 5-osiowe centrum obr\u00f3bcze.\" \/>\n<meta name=\"robots\" content=\"index, follow, max-snippet:-1, max-image-preview:large, max-video-preview:-1\" \/>\n<link rel=\"canonical\" href=\"https:\/\/www.z-m.pl\/pl\/aktualnosci\/sprawdziany-o-konstrukcji-modulowej\/\" \/>\n<meta property=\"og:locale\" content=\"pl_PL\" \/>\n<meta property=\"og:type\" content=\"article\" \/>\n<meta property=\"og:title\" content=\"Sprawdziany o konstrukcji modu\u0142owej - Zak\u0142ad Metalowy Kr\u0119pa\" \/>\n<meta property=\"og:description\" content=\"Informujemy, \u017ce Zak\u0142ad Metalowy Adam Kr\u0119pa&nbsp;rozpocz\u0105\u0142 produkcj\u0119 innowacyjnych sprawdzian\u00f3w do szyb o konstrukcji modu\u0142owej dedykowanych dla przemys\u0142u motoryzacyjnego. Zakupiono&nbsp;precyzyjne 5-osiowe centrum obr\u00f3bcze.\" \/>\n<meta property=\"og:url\" content=\"https:\/\/www.z-m.pl\/pl\/aktualnosci\/sprawdziany-o-konstrukcji-modulowej\/\" \/>\n<meta property=\"og:site_name\" content=\"Zak\u0142ad Metalowy Kr\u0119pa\" \/>\n<meta property=\"article:published_time\" content=\"2018-09-14T13:40:23+00:00\" \/>\n<meta property=\"article:modified_time\" content=\"2022-05-06T10:48:27+00:00\" \/>\n<meta property=\"og:image\" content=\"https:\/\/www.z-m.pl\/pl\/wp-content\/uploads\/sites\/2\/2016\/12\/aaaaaaaa.jpg\" \/>\n\t<meta property=\"og:image:width\" content=\"1737\" \/>\n\t<meta property=\"og:image:height\" content=\"127\" \/>\n\t<meta property=\"og:image:type\" content=\"image\/jpeg\" \/>\n<meta name=\"author\" content=\"admin\" \/>\n<meta name=\"twitter:card\" content=\"summary_large_image\" \/>\n<meta name=\"twitter:label1\" content=\"Napisane przez\" \/>\n\t<meta name=\"twitter:data1\" content=\"admin\" \/>\n\t<meta name=\"twitter:label2\" content=\"Szacowany czas czytania\" \/>\n\t<meta name=\"twitter:data2\" content=\"1 minuta\" \/>\n<script type=\"application\/ld+json\" class=\"yoast-schema-graph\">{\"@context\":\"https:\\\/\\\/schema.org\",\"@graph\":[{\"@type\":\"Article\",\"@id\":\"https:\\\/\\\/www.z-m.pl\\\/pl\\\/aktualnosci\\\/sprawdziany-o-konstrukcji-modulowej\\\/#article\",\"isPartOf\":{\"@id\":\"https:\\\/\\\/www.z-m.pl\\\/pl\\\/aktualnosci\\\/sprawdziany-o-konstrukcji-modulowej\\\/\"},\"author\":{\"name\":\"admin\",\"@id\":\"https:\\\/\\\/www.z-m.pl\\\/pl\\\/#\\\/schema\\\/person\\\/6849bd64a1e50cd0a68d112021ac2419\"},\"headline\":\"Sprawdziany o konstrukcji modu\u0142owej\",\"datePublished\":\"2018-09-14T13:40:23+00:00\",\"dateModified\":\"2022-05-06T10:48:27+00:00\",\"mainEntityOfPage\":{\"@id\":\"https:\\\/\\\/www.z-m.pl\\\/pl\\\/aktualnosci\\\/sprawdziany-o-konstrukcji-modulowej\\\/\"},\"wordCount\":114,\"publisher\":{\"@id\":\"https:\\\/\\\/www.z-m.pl\\\/pl\\\/#organization\"},\"image\":{\"@id\":\"https:\\\/\\\/www.z-m.pl\\\/pl\\\/aktualnosci\\\/sprawdziany-o-konstrukcji-modulowej\\\/#primaryimage\"},\"thumbnailUrl\":\"https:\\\/\\\/www.z-m.pl\\\/pl\\\/wp-content\\\/uploads\\\/sites\\\/2\\\/2016\\\/12\\\/aaaaaaaa.jpg\",\"articleSection\":[\"Aktualno\u015bci\"],\"inLanguage\":\"pl-PL\"},{\"@type\":\"WebPage\",\"@id\":\"https:\\\/\\\/www.z-m.pl\\\/pl\\\/aktualnosci\\\/sprawdziany-o-konstrukcji-modulowej\\\/\",\"url\":\"https:\\\/\\\/www.z-m.pl\\\/pl\\\/aktualnosci\\\/sprawdziany-o-konstrukcji-modulowej\\\/\",\"name\":\"Sprawdziany o konstrukcji modu\u0142owej - Zak\u0142ad Metalowy Kr\u0119pa\",\"isPartOf\":{\"@id\":\"https:\\\/\\\/www.z-m.pl\\\/pl\\\/#website\"},\"primaryImageOfPage\":{\"@id\":\"https:\\\/\\\/www.z-m.pl\\\/pl\\\/aktualnosci\\\/sprawdziany-o-konstrukcji-modulowej\\\/#primaryimage\"},\"image\":{\"@id\":\"https:\\\/\\\/www.z-m.pl\\\/pl\\\/aktualnosci\\\/sprawdziany-o-konstrukcji-modulowej\\\/#primaryimage\"},\"thumbnailUrl\":\"https:\\\/\\\/www.z-m.pl\\\/pl\\\/wp-content\\\/uploads\\\/sites\\\/2\\\/2016\\\/12\\\/aaaaaaaa.jpg\",\"datePublished\":\"2018-09-14T13:40:23+00:00\",\"dateModified\":\"2022-05-06T10:48:27+00:00\",\"description\":\"Informujemy, \u017ce Zak\u0142ad Metalowy Adam Kr\u0119pa&nbsp;rozpocz\u0105\u0142 produkcj\u0119 innowacyjnych sprawdzian\u00f3w do szyb o konstrukcji modu\u0142owej dedykowanych dla przemys\u0142u motoryzacyjnego. Zakupiono&nbsp;precyzyjne 5-osiowe centrum obr\u00f3bcze.\",\"breadcrumb\":{\"@id\":\"https:\\\/\\\/www.z-m.pl\\\/pl\\\/aktualnosci\\\/sprawdziany-o-konstrukcji-modulowej\\\/#breadcrumb\"},\"inLanguage\":\"pl-PL\",\"potentialAction\":[{\"@type\":\"ReadAction\",\"target\":[\"https:\\\/\\\/www.z-m.pl\\\/pl\\\/aktualnosci\\\/sprawdziany-o-konstrukcji-modulowej\\\/\"]}]},{\"@type\":\"ImageObject\",\"inLanguage\":\"pl-PL\",\"@id\":\"https:\\\/\\\/www.z-m.pl\\\/pl\\\/aktualnosci\\\/sprawdziany-o-konstrukcji-modulowej\\\/#primaryimage\",\"url\":\"https:\\\/\\\/www.z-m.pl\\\/pl\\\/wp-content\\\/uploads\\\/sites\\\/2\\\/2016\\\/12\\\/aaaaaaaa.jpg\",\"contentUrl\":\"https:\\\/\\\/www.z-m.pl\\\/pl\\\/wp-content\\\/uploads\\\/sites\\\/2\\\/2016\\\/12\\\/aaaaaaaa.jpg\",\"width\":1737,\"height\":127,\"caption\":\"Fundusze europejskie baner\"},{\"@type\":\"BreadcrumbList\",\"@id\":\"https:\\\/\\\/www.z-m.pl\\\/pl\\\/aktualnosci\\\/sprawdziany-o-konstrukcji-modulowej\\\/#breadcrumb\",\"itemListElement\":[{\"@type\":\"ListItem\",\"position\":1,\"name\":\"Strona g\u0142\u00f3wna\",\"item\":\"https:\\\/\\\/www.z-m.pl\\\/pl\\\/\"},{\"@type\":\"ListItem\",\"position\":2,\"name\":\"Sprawdziany o konstrukcji modu\u0142owej\"}]},{\"@type\":\"WebSite\",\"@id\":\"https:\\\/\\\/www.z-m.pl\\\/pl\\\/#website\",\"url\":\"https:\\\/\\\/www.z-m.pl\\\/pl\\\/\",\"name\":\"Zak\u0142ad Metalowy Kr\u0119pa\",\"description\":\"Obr\u00f3bka CNC | Produkcja narz\u0119dzi\",\"publisher\":{\"@id\":\"https:\\\/\\\/www.z-m.pl\\\/pl\\\/#organization\"},\"potentialAction\":[{\"@type\":\"SearchAction\",\"target\":{\"@type\":\"EntryPoint\",\"urlTemplate\":\"https:\\\/\\\/www.z-m.pl\\\/pl\\\/?s={search_term_string}\"},\"query-input\":{\"@type\":\"PropertyValueSpecification\",\"valueRequired\":true,\"valueName\":\"search_term_string\"}}],\"inLanguage\":\"pl-PL\"},{\"@type\":\"Organization\",\"@id\":\"https:\\\/\\\/www.z-m.pl\\\/pl\\\/#organization\",\"name\":\"Z-M Zak\u0142ad Metalowy Kr\u0119pa\",\"url\":\"https:\\\/\\\/www.z-m.pl\\\/pl\\\/\",\"logo\":{\"@type\":\"ImageObject\",\"inLanguage\":\"pl-PL\",\"@id\":\"https:\\\/\\\/www.z-m.pl\\\/pl\\\/#\\\/schema\\\/logo\\\/image\\\/\",\"url\":\"https:\\\/\\\/z-m.pl\\\/pl\\\/wp-content\\\/uploads\\\/sites\\\/2\\\/2022\\\/03\\\/zaklad-metalowy-krepa-logo.png\",\"contentUrl\":\"https:\\\/\\\/z-m.pl\\\/pl\\\/wp-content\\\/uploads\\\/sites\\\/2\\\/2022\\\/03\\\/zaklad-metalowy-krepa-logo.png\",\"width\":278,\"height\":280,\"caption\":\"Z-M Zak\u0142ad Metalowy Kr\u0119pa\"},\"image\":{\"@id\":\"https:\\\/\\\/www.z-m.pl\\\/pl\\\/#\\\/schema\\\/logo\\\/image\\\/\"}},{\"@type\":\"Person\",\"@id\":\"https:\\\/\\\/www.z-m.pl\\\/pl\\\/#\\\/schema\\\/person\\\/6849bd64a1e50cd0a68d112021ac2419\",\"name\":\"admin\",\"sameAs\":[\"https:\\\/\\\/z-m.pl\"]}]}<\/script>\n<!-- \/ Yoast SEO plugin. -->","yoast_head_json":{"title":"Sprawdziany o konstrukcji modu\u0142owej - Zak\u0142ad Metalowy Kr\u0119pa","description":"Informujemy, \u017ce Zak\u0142ad Metalowy Adam Kr\u0119pa&nbsp;rozpocz\u0105\u0142 produkcj\u0119 innowacyjnych sprawdzian\u00f3w do szyb o konstrukcji modu\u0142owej dedykowanych dla przemys\u0142u motoryzacyjnego. Zakupiono&nbsp;precyzyjne 5-osiowe centrum obr\u00f3bcze.","robots":{"index":"index","follow":"follow","max-snippet":"max-snippet:-1","max-image-preview":"max-image-preview:large","max-video-preview":"max-video-preview:-1"},"canonical":"https:\/\/www.z-m.pl\/pl\/aktualnosci\/sprawdziany-o-konstrukcji-modulowej\/","og_locale":"pl_PL","og_type":"article","og_title":"Sprawdziany o konstrukcji modu\u0142owej - Zak\u0142ad Metalowy Kr\u0119pa","og_description":"Informujemy, \u017ce Zak\u0142ad Metalowy Adam Kr\u0119pa&nbsp;rozpocz\u0105\u0142 produkcj\u0119 innowacyjnych sprawdzian\u00f3w do szyb o konstrukcji modu\u0142owej dedykowanych dla przemys\u0142u motoryzacyjnego. Zakupiono&nbsp;precyzyjne 5-osiowe centrum obr\u00f3bcze.","og_url":"https:\/\/www.z-m.pl\/pl\/aktualnosci\/sprawdziany-o-konstrukcji-modulowej\/","og_site_name":"Zak\u0142ad Metalowy Kr\u0119pa","article_published_time":"2018-09-14T13:40:23+00:00","article_modified_time":"2022-05-06T10:48:27+00:00","og_image":[{"width":1737,"height":127,"url":"https:\/\/www.z-m.pl\/pl\/wp-content\/uploads\/sites\/2\/2016\/12\/aaaaaaaa.jpg","type":"image\/jpeg"}],"author":"admin","twitter_card":"summary_large_image","twitter_misc":{"Napisane przez":"admin","Szacowany czas czytania":"1 minuta"},"schema":{"@context":"https:\/\/schema.org","@graph":[{"@type":"Article","@id":"https:\/\/www.z-m.pl\/pl\/aktualnosci\/sprawdziany-o-konstrukcji-modulowej\/#article","isPartOf":{"@id":"https:\/\/www.z-m.pl\/pl\/aktualnosci\/sprawdziany-o-konstrukcji-modulowej\/"},"author":{"name":"admin","@id":"https:\/\/www.z-m.pl\/pl\/#\/schema\/person\/6849bd64a1e50cd0a68d112021ac2419"},"headline":"Sprawdziany o konstrukcji modu\u0142owej","datePublished":"2018-09-14T13:40:23+00:00","dateModified":"2022-05-06T10:48:27+00:00","mainEntityOfPage":{"@id":"https:\/\/www.z-m.pl\/pl\/aktualnosci\/sprawdziany-o-konstrukcji-modulowej\/"},"wordCount":114,"publisher":{"@id":"https:\/\/www.z-m.pl\/pl\/#organization"},"image":{"@id":"https:\/\/www.z-m.pl\/pl\/aktualnosci\/sprawdziany-o-konstrukcji-modulowej\/#primaryimage"},"thumbnailUrl":"https:\/\/www.z-m.pl\/pl\/wp-content\/uploads\/sites\/2\/2016\/12\/aaaaaaaa.jpg","articleSection":["Aktualno\u015bci"],"inLanguage":"pl-PL"},{"@type":"WebPage","@id":"https:\/\/www.z-m.pl\/pl\/aktualnosci\/sprawdziany-o-konstrukcji-modulowej\/","url":"https:\/\/www.z-m.pl\/pl\/aktualnosci\/sprawdziany-o-konstrukcji-modulowej\/","name":"Sprawdziany o konstrukcji modu\u0142owej - Zak\u0142ad Metalowy Kr\u0119pa","isPartOf":{"@id":"https:\/\/www.z-m.pl\/pl\/#website"},"primaryImageOfPage":{"@id":"https:\/\/www.z-m.pl\/pl\/aktualnosci\/sprawdziany-o-konstrukcji-modulowej\/#primaryimage"},"image":{"@id":"https:\/\/www.z-m.pl\/pl\/aktualnosci\/sprawdziany-o-konstrukcji-modulowej\/#primaryimage"},"thumbnailUrl":"https:\/\/www.z-m.pl\/pl\/wp-content\/uploads\/sites\/2\/2016\/12\/aaaaaaaa.jpg","datePublished":"2018-09-14T13:40:23+00:00","dateModified":"2022-05-06T10:48:27+00:00","description":"Informujemy, \u017ce Zak\u0142ad Metalowy Adam Kr\u0119pa&nbsp;rozpocz\u0105\u0142 produkcj\u0119 innowacyjnych sprawdzian\u00f3w do szyb o konstrukcji modu\u0142owej dedykowanych dla przemys\u0142u motoryzacyjnego. Zakupiono&nbsp;precyzyjne 5-osiowe centrum obr\u00f3bcze.","breadcrumb":{"@id":"https:\/\/www.z-m.pl\/pl\/aktualnosci\/sprawdziany-o-konstrukcji-modulowej\/#breadcrumb"},"inLanguage":"pl-PL","potentialAction":[{"@type":"ReadAction","target":["https:\/\/www.z-m.pl\/pl\/aktualnosci\/sprawdziany-o-konstrukcji-modulowej\/"]}]},{"@type":"ImageObject","inLanguage":"pl-PL","@id":"https:\/\/www.z-m.pl\/pl\/aktualnosci\/sprawdziany-o-konstrukcji-modulowej\/#primaryimage","url":"https:\/\/www.z-m.pl\/pl\/wp-content\/uploads\/sites\/2\/2016\/12\/aaaaaaaa.jpg","contentUrl":"https:\/\/www.z-m.pl\/pl\/wp-content\/uploads\/sites\/2\/2016\/12\/aaaaaaaa.jpg","width":1737,"height":127,"caption":"Fundusze europejskie baner"},{"@type":"BreadcrumbList","@id":"https:\/\/www.z-m.pl\/pl\/aktualnosci\/sprawdziany-o-konstrukcji-modulowej\/#breadcrumb","itemListElement":[{"@type":"ListItem","position":1,"name":"Strona g\u0142\u00f3wna","item":"https:\/\/www.z-m.pl\/pl\/"},{"@type":"ListItem","position":2,"name":"Sprawdziany o konstrukcji modu\u0142owej"}]},{"@type":"WebSite","@id":"https:\/\/www.z-m.pl\/pl\/#website","url":"https:\/\/www.z-m.pl\/pl\/","name":"Zak\u0142ad Metalowy Kr\u0119pa","description":"Obr\u00f3bka CNC | Produkcja narz\u0119dzi","publisher":{"@id":"https:\/\/www.z-m.pl\/pl\/#organization"},"potentialAction":[{"@type":"SearchAction","target":{"@type":"EntryPoint","urlTemplate":"https:\/\/www.z-m.pl\/pl\/?s={search_term_string}"},"query-input":{"@type":"PropertyValueSpecification","valueRequired":true,"valueName":"search_term_string"}}],"inLanguage":"pl-PL"},{"@type":"Organization","@id":"https:\/\/www.z-m.pl\/pl\/#organization","name":"Z-M Zak\u0142ad Metalowy Kr\u0119pa","url":"https:\/\/www.z-m.pl\/pl\/","logo":{"@type":"ImageObject","inLanguage":"pl-PL","@id":"https:\/\/www.z-m.pl\/pl\/#\/schema\/logo\/image\/","url":"https:\/\/z-m.pl\/pl\/wp-content\/uploads\/sites\/2\/2022\/03\/zaklad-metalowy-krepa-logo.png","contentUrl":"https:\/\/z-m.pl\/pl\/wp-content\/uploads\/sites\/2\/2022\/03\/zaklad-metalowy-krepa-logo.png","width":278,"height":280,"caption":"Z-M Zak\u0142ad Metalowy Kr\u0119pa"},"image":{"@id":"https:\/\/www.z-m.pl\/pl\/#\/schema\/logo\/image\/"}},{"@type":"Person","@id":"https:\/\/www.z-m.pl\/pl\/#\/schema\/person\/6849bd64a1e50cd0a68d112021ac2419","name":"admin","sameAs":["https:\/\/z-m.pl"]}]}},"_links":{"self":[{"href":"https:\/\/www.z-m.pl\/pl\/wp-json\/wp\/v2\/posts\/1047","targetHints":{"allow":["GET"]}}],"collection":[{"href":"https:\/\/www.z-m.pl\/pl\/wp-json\/wp\/v2\/posts"}],"about":[{"href":"https:\/\/www.z-m.pl\/pl\/wp-json\/wp\/v2\/types\/post"}],"author":[{"embeddable":true,"href":"https:\/\/www.z-m.pl\/pl\/wp-json\/wp\/v2\/users\/1"}],"replies":[{"embeddable":true,"href":"https:\/\/www.z-m.pl\/pl\/wp-json\/wp\/v2\/comments?post=1047"}],"version-history":[{"count":2,"href":"https:\/\/www.z-m.pl\/pl\/wp-json\/wp\/v2\/posts\/1047\/revisions"}],"predecessor-version":[{"id":1320,"href":"https:\/\/www.z-m.pl\/pl\/wp-json\/wp\/v2\/posts\/1047\/revisions\/1320"}],"wp:featuredmedia":[{"embeddable":true,"href":"https:\/\/www.z-m.pl\/pl\/wp-json\/wp\/v2\/media\/1011"}],"wp:attachment":[{"href":"https:\/\/www.z-m.pl\/pl\/wp-json\/wp\/v2\/media?parent=1047"}],"wp:term":[{"taxonomy":"category","embeddable":true,"href":"https:\/\/www.z-m.pl\/pl\/wp-json\/wp\/v2\/categories?post=1047"},{"taxonomy":"post_tag","embeddable":true,"href":"https:\/\/www.z-m.pl\/pl\/wp-json\/wp\/v2\/tags?post=1047"}],"curies":[{"name":"wp","href":"https:\/\/api.w.org\/{rel}","templated":true}]}}